{"id":3198,"date":"2024-10-10T10:40:07","date_gmt":"2024-10-10T08:40:07","guid":{"rendered":"https:\/\/avipa.es\/?p=3198"},"modified":"2024-10-11T11:49:50","modified_gmt":"2024-10-11T09:49:50","slug":"dimecres-de-piscina-al-casal-destiu","status":"publish","type":"post","link":"https:\/\/avipa.es\/ca\/dimecres-de-piscina-al-casal-destiu\/","title":{"rendered":"Dimecres de piscina al Casal d&#8217;Estiu"},"content":{"rendered":"\n<p>Els dimecres s\u00f3n dies molt esperats al Casal d\u2019Estiu, especialment per una de les activitats m\u00e9s emocionants de la setmana: l&#8217;activitat de piscina. Aquest dia ofereix als infants una combinaci\u00f3 perfecta d&#8217;activitats aqu\u00e0tiques, jocs en grup i entreteniment creatiu, convertint-lo en una experi\u00e8ncia inoblidable.<\/p>\n\n\n\n<h4 class=\"wp-block-heading\">Piscina per Grups d\u2019Edat<\/h4>\n\n\n\n<p>Comencem el dimecres separant els infants en dos torns per garantir que tothom pugui gaudir de la piscina en les millors condicions. Anem a les <a href=\"https:\/\/www.cemmundet.cat\/\">piscines de Mundet<\/a>, un espai ideal per gaudir de l\u2019aigua amb total seguretat, gr\u00e0cies a la supervisi\u00f3 constant dels monitors de piscina.<\/p>\n\n\n\n<ul class=\"wp-block-list\">\n<li><strong>Primer torn<\/strong> (Infantil i 1r de Prim\u00e0ria): Els m\u00e9s petits marxen de l\u2019escola a les 9:15h i passen el mat\u00ed a la piscina fins a les 11:00h. A les 11:00h realitzen un petit esmorzar abans d&#8217;agafar l&#8217;autocar de tornada cap a l&#8217;escola. Quan tornen a l\u2019escola, participen en activitats per grups d\u2019edat, adaptades a les seves capacitats i interessos. Aquestes activitats l\u00fadiques i esportives es realitzen en espais segurs a l\u2019escola, on els infants poden desenvolupar les seves habilitats f\u00edsiques i socials, gaudint amb els seus companys i companyes.<\/li>\n\n\n\n<li><strong>Segon torn<\/strong> (2n a 6\u00e8 de Prim\u00e0ria): Mentre el primer torn es troba a la piscina, el segon torn es queda a l\u2019escola, on participa en activitats per grups d\u2019edat a partir de les 9:00h. Aquestes activitats l\u00fadiques s\u00f3n ideals per comen\u00e7ar el dia amb energia i preparaci\u00f3 abans de marxar cap a la piscina a les 9:45h. Quan tornen, a l\u2019hora de dinar, els infants ja han gaudit d\u2019un dia refrescant i ple de diversi\u00f3 aqu\u00e0tica.<\/li>\n<\/ul>\n\n\n\n<figure class=\"wp-block-gallery has-nested-images columns-default is-cropped wp-block-gallery-1 is-layout-flex wp-block-gallery-is-layout-flex\">\n<figure class=\"wp-block-image size-large\"><img loading=\"lazy\" decoding=\"async\" width=\"768\" height=\"1024\" data-id=\"3199\" src=\"https:\/\/avipa.es\/wp-content\/uploads\/2024\/10\/CASAL_ESTIU_ACTIVITATS_PISCINA_MUNDET_AMICS_AVIPA_PETITS-768x1024.jpg\" alt=\"Dimecres de piscina al Casal d'Estiu\" class=\"wp-image-3199\" srcset=\"https:\/\/avipa.es\/wp-content\/uploads\/2024\/10\/CASAL_ESTIU_ACTIVITATS_PISCINA_MUNDET_AMICS_AVIPA_PETITS-768x1024.jpg 768w, https:\/\/avipa.es\/wp-content\/uploads\/2024\/10\/CASAL_ESTIU_ACTIVITATS_PISCINA_MUNDET_AMICS_AVIPA_PETITS-225x300.jpg 225w, https:\/\/avipa.es\/wp-content\/uploads\/2024\/10\/CASAL_ESTIU_ACTIVITATS_PISCINA_MUNDET_AMICS_AVIPA_PETITS-480x640.jpg 480w, https:\/\/avipa.es\/wp-content\/uploads\/2024\/10\/CASAL_ESTIU_ACTIVITATS_PISCINA_MUNDET_AMICS_AVIPA_PETITS-640x853.jpg 640w, https:\/\/avipa.es\/wp-content\/uploads\/2024\/10\/CASAL_ESTIU_ACTIVITATS_PISCINA_MUNDET_AMICS_AVIPA_PETITS-720x960.jpg 720w, https:\/\/avipa.es\/wp-content\/uploads\/2024\/10\/CASAL_ESTIU_ACTIVITATS_PISCINA_MUNDET_AMICS_AVIPA_PETITS-960x1280.jpg 960w, https:\/\/avipa.es\/wp-content\/uploads\/2024\/10\/CASAL_ESTIU_ACTIVITATS_PISCINA_MUNDET_AMICS_AVIPA_PETITS-1168x1557.jpg 1168w, https:\/\/avipa.es\/wp-content\/uploads\/2024\/10\/CASAL_ESTIU_ACTIVITATS_PISCINA_MUNDET_AMICS_AVIPA_PETITS-1440x1920.jpg 1440w, https:\/\/avipa.es\/wp-content\/uploads\/2024\/10\/CASAL_ESTIU_ACTIVITATS_PISCINA_MUNDET_AMICS_AVIPA_PETITS-scaled.jpg 1920w, https:\/\/avipa.es\/wp-content\/uploads\/2024\/10\/CASAL_ESTIU_ACTIVITATS_PISCINA_MUNDET_AMICS_AVIPA_PETITS-1152x1536.jpg 1152w, https:\/\/avipa.es\/wp-content\/uploads\/2024\/10\/CASAL_ESTIU_ACTIVITATS_PISCINA_MUNDET_AMICS_AVIPA_PETITS-1536x2048.jpg 1536w, https:\/\/avipa.es\/wp-content\/uploads\/2024\/10\/CASAL_ESTIU_ACTIVITATS_PISCINA_MUNDET_AMICS_AVIPA_PETITS-600x800.jpg 600w\" sizes=\"auto, (max-width: 768px) 100vw, 768px\" \/><\/figure>\n\n\n\n<figure class=\"wp-block-image size-large\"><img loading=\"lazy\" decoding=\"async\" width=\"768\" height=\"1024\" data-id=\"3201\" src=\"https:\/\/avipa.es\/wp-content\/uploads\/2024\/10\/CASAL_ESTIU_ACTIVITATS_PISCINA_MUNDET_AMICS_AVIPA-768x1024.jpg\" alt=\"Dimecres de piscina al Casal d'Estiu\" class=\"wp-image-3201\" srcset=\"https:\/\/avipa.es\/wp-content\/uploads\/2024\/10\/CASAL_ESTIU_ACTIVITATS_PISCINA_MUNDET_AMICS_AVIPA-768x1024.jpg 768w, https:\/\/avipa.es\/wp-content\/uploads\/2024\/10\/CASAL_ESTIU_ACTIVITATS_PISCINA_MUNDET_AMICS_AVIPA-225x300.jpg 225w, https:\/\/avipa.es\/wp-content\/uploads\/2024\/10\/CASAL_ESTIU_ACTIVITATS_PISCINA_MUNDET_AMICS_AVIPA-480x640.jpg 480w, https:\/\/avipa.es\/wp-content\/uploads\/2024\/10\/CASAL_ESTIU_ACTIVITATS_PISCINA_MUNDET_AMICS_AVIPA-640x853.jpg 640w, https:\/\/avipa.es\/wp-content\/uploads\/2024\/10\/CASAL_ESTIU_ACTIVITATS_PISCINA_MUNDET_AMICS_AVIPA-720x960.jpg 720w, https:\/\/avipa.es\/wp-content\/uploads\/2024\/10\/CASAL_ESTIU_ACTIVITATS_PISCINA_MUNDET_AMICS_AVIPA-960x1280.jpg 960w, https:\/\/avipa.es\/wp-content\/uploads\/2024\/10\/CASAL_ESTIU_ACTIVITATS_PISCINA_MUNDET_AMICS_AVIPA-1168x1557.jpg 1168w, https:\/\/avipa.es\/wp-content\/uploads\/2024\/10\/CASAL_ESTIU_ACTIVITATS_PISCINA_MUNDET_AMICS_AVIPA-1440x1920.jpg 1440w, https:\/\/avipa.es\/wp-content\/uploads\/2024\/10\/CASAL_ESTIU_ACTIVITATS_PISCINA_MUNDET_AMICS_AVIPA-scaled.jpg 1920w, https:\/\/avipa.es\/wp-content\/uploads\/2024\/10\/CASAL_ESTIU_ACTIVITATS_PISCINA_MUNDET_AMICS_AVIPA-1152x1536.jpg 1152w, https:\/\/avipa.es\/wp-content\/uploads\/2024\/10\/CASAL_ESTIU_ACTIVITATS_PISCINA_MUNDET_AMICS_AVIPA-1536x2048.jpg 1536w, https:\/\/avipa.es\/wp-content\/uploads\/2024\/10\/CASAL_ESTIU_ACTIVITATS_PISCINA_MUNDET_AMICS_AVIPA-600x800.jpg 600w\" sizes=\"auto, (max-width: 768px) 100vw, 768px\" \/><\/figure>\n\n\n\n<figure class=\"wp-block-image size-large\"><img loading=\"lazy\" decoding=\"async\" width=\"1024\" height=\"768\" data-id=\"3203\" src=\"https:\/\/avipa.es\/wp-content\/uploads\/2024\/10\/ESMORZAR_AVIPA_CASAL_ESTIU_AMICS_NENS-1024x768.jpg\" alt=\"Esmorzem despr\u00e9s de la piscina, els dimecres del Casal d'Estiu\" class=\"wp-image-3203\" srcset=\"https:\/\/avipa.es\/wp-content\/uploads\/2024\/10\/ESMORZAR_AVIPA_CASAL_ESTIU_AMICS_NENS-1024x768.jpg 1024w, https:\/\/avipa.es\/wp-content\/uploads\/2024\/10\/ESMORZAR_AVIPA_CASAL_ESTIU_AMICS_NENS-300x225.jpg 300w, https:\/\/avipa.es\/wp-content\/uploads\/2024\/10\/ESMORZAR_AVIPA_CASAL_ESTIU_AMICS_NENS-768x576.jpg 768w, https:\/\/avipa.es\/wp-content\/uploads\/2024\/10\/ESMORZAR_AVIPA_CASAL_ESTIU_AMICS_NENS-480x360.jpg 480w, https:\/\/avipa.es\/wp-content\/uploads\/2024\/10\/ESMORZAR_AVIPA_CASAL_ESTIU_AMICS_NENS-640x480.jpg 640w, https:\/\/avipa.es\/wp-content\/uploads\/2024\/10\/ESMORZAR_AVIPA_CASAL_ESTIU_AMICS_NENS-720x540.jpg 720w, https:\/\/avipa.es\/wp-content\/uploads\/2024\/10\/ESMORZAR_AVIPA_CASAL_ESTIU_AMICS_NENS-960x720.jpg 960w, https:\/\/avipa.es\/wp-content\/uploads\/2024\/10\/ESMORZAR_AVIPA_CASAL_ESTIU_AMICS_NENS-1168x876.jpg 1168w, https:\/\/avipa.es\/wp-content\/uploads\/2024\/10\/ESMORZAR_AVIPA_CASAL_ESTIU_AMICS_NENS-1440x1080.jpg 1440w, https:\/\/avipa.es\/wp-content\/uploads\/2024\/10\/ESMORZAR_AVIPA_CASAL_ESTIU_AMICS_NENS-1920x1440.jpg 1920w, https:\/\/avipa.es\/wp-content\/uploads\/2024\/10\/ESMORZAR_AVIPA_CASAL_ESTIU_AMICS_NENS-1536x1152.jpg 1536w, https:\/\/avipa.es\/wp-content\/uploads\/2024\/10\/ESMORZAR_AVIPA_CASAL_ESTIU_AMICS_NENS-2048x1536.jpg 2048w, https:\/\/avipa.es\/wp-content\/uploads\/2024\/10\/ESMORZAR_AVIPA_CASAL_ESTIU_AMICS_NENS-600x450.jpg 600w\" sizes=\"auto, (max-width: 1024px) 100vw, 1024px\" \/><\/figure>\n<\/figure>\n\n\n\n<h4 class=\"wp-block-heading\">Activitats de Migdia<\/h4>\n\n\n\n<p>Despr\u00e9s de dinar, els dimecres marquen el comen\u00e7ament de les <strong>activitats de migdia<\/strong>, que es reparteixen durant la resta de la setmana. Els infants tenen l&#8217;oportunitat de participar en un ampli ventall d\u2019activitats que combinen creativitat, entreteniment i treball en equip:<\/p>\n\n\n\n<ul class=\"wp-block-list\">\n<li><strong>Tablets<\/strong>: Els nens i nenes aprenen i es diverteixen amb jocs educatius i aplicacions que els permeten desenvolupar habilitats digitals.<\/li>\n\n\n\n<li><strong>Jocs de Taula<\/strong>: Cooperaci\u00f3 i estrat\u00e8gia s\u00f3n les claus d\u2019aquesta activitat, on els infants poden escollir entre diversos jocs de taula per compartir amb els companys.<\/li>\n\n\n\n<li><strong>Ball<\/strong>: Cada setmana un dels monitors o monitores prepara una coreograf\u00eda d&#8217;una can\u00e7\u00f3 i la ensenya a tots els grups durant aquesta activitat. Aquesta activitat permet moure el cos al ritme de la m\u00fasica i expressar-se a trav\u00e9s del moviment.<\/li>\n\n\n\n<li><strong>Karaoke<\/strong>: Una activitat divertida on els infants tenen l&#8217;oportunitat de mostrar el seu talent i desinhibir-se cantant les seves can\u00e7ons preferides.<\/li>\n\n\n\n<li><strong>Pulseres<\/strong>: Els m\u00e9s creatius gaudeixen confeccionant polseres, un treball manual que desenvolupa la paci\u00e8ncia i la concentraci\u00f3.<\/li>\n\n\n\n<li><strong>Atrapa un Mili\u00f3<\/strong>: Aquesta activitat de competici\u00f3 sana permet als nens i nenes posar a prova els seus coneixements i capacitat de resposta amb divertits reptes i preguntes sobre el Casal i coneixements generals. <\/li>\n<\/ul>\n\n\n\n<p>Aquestes activitats es realitzen barrejant nens i nenes de diferents edats en els grups d&#8217;olimpiades i ofereixen als infants un espai per relaxar-se, desconnectar del sol intens de l\u2019estiu i gaudir de moments de creativitat i socialitzaci\u00f3 amb els seus amics.<\/p>\n\n\n\n<figure class=\"wp-block-gallery has-nested-images columns-default is-cropped wp-block-gallery-2 is-layout-flex wp-block-gallery-is-layout-flex\">\n<figure class=\"wp-block-image size-large\"><img loading=\"lazy\" decoding=\"async\" width=\"768\" height=\"1024\" data-id=\"3206\" src=\"https:\/\/avipa.es\/wp-content\/uploads\/2024\/10\/CASAL_ESTIU_AMICS_JOCSDETAULA_MIKADO_ACTIVITATS_MIGDIA_AVIPA-768x1024.jpg\" alt=\"Jocs de taula, els dimecres del Casal d'Estiu\" class=\"wp-image-3206\" srcset=\"https:\/\/avipa.es\/wp-content\/uploads\/2024\/10\/CASAL_ESTIU_AMICS_JOCSDETAULA_MIKADO_ACTIVITATS_MIGDIA_AVIPA-768x1024.jpg 768w, https:\/\/avipa.es\/wp-content\/uploads\/2024\/10\/CASAL_ESTIU_AMICS_JOCSDETAULA_MIKADO_ACTIVITATS_MIGDIA_AVIPA-225x300.jpg 225w, https:\/\/avipa.es\/wp-content\/uploads\/2024\/10\/CASAL_ESTIU_AMICS_JOCSDETAULA_MIKADO_ACTIVITATS_MIGDIA_AVIPA-480x640.jpg 480w, https:\/\/avipa.es\/wp-content\/uploads\/2024\/10\/CASAL_ESTIU_AMICS_JOCSDETAULA_MIKADO_ACTIVITATS_MIGDIA_AVIPA-640x853.jpg 640w, https:\/\/avipa.es\/wp-content\/uploads\/2024\/10\/CASAL_ESTIU_AMICS_JOCSDETAULA_MIKADO_ACTIVITATS_MIGDIA_AVIPA-720x960.jpg 720w, https:\/\/avipa.es\/wp-content\/uploads\/2024\/10\/CASAL_ESTIU_AMICS_JOCSDETAULA_MIKADO_ACTIVITATS_MIGDIA_AVIPA-960x1280.jpg 960w, https:\/\/avipa.es\/wp-content\/uploads\/2024\/10\/CASAL_ESTIU_AMICS_JOCSDETAULA_MIKADO_ACTIVITATS_MIGDIA_AVIPA-1168x1557.jpg 1168w, https:\/\/avipa.es\/wp-content\/uploads\/2024\/10\/CASAL_ESTIU_AMICS_JOCSDETAULA_MIKADO_ACTIVITATS_MIGDIA_AVIPA-1440x1920.jpg 1440w, https:\/\/avipa.es\/wp-content\/uploads\/2024\/10\/CASAL_ESTIU_AMICS_JOCSDETAULA_MIKADO_ACTIVITATS_MIGDIA_AVIPA-scaled.jpg 1920w, https:\/\/avipa.es\/wp-content\/uploads\/2024\/10\/CASAL_ESTIU_AMICS_JOCSDETAULA_MIKADO_ACTIVITATS_MIGDIA_AVIPA-1152x1536.jpg 1152w, https:\/\/avipa.es\/wp-content\/uploads\/2024\/10\/CASAL_ESTIU_AMICS_JOCSDETAULA_MIKADO_ACTIVITATS_MIGDIA_AVIPA-1536x2048.jpg 1536w, https:\/\/avipa.es\/wp-content\/uploads\/2024\/10\/CASAL_ESTIU_AMICS_JOCSDETAULA_MIKADO_ACTIVITATS_MIGDIA_AVIPA-600x800.jpg 600w\" sizes=\"auto, (max-width: 768px) 100vw, 768px\" \/><\/figure>\n\n\n\n<figure class=\"wp-block-image size-large\"><img loading=\"lazy\" decoding=\"async\" width=\"2560\" height=\"1920\" data-id=\"3211\" src=\"https:\/\/avipa.es\/wp-content\/uploads\/2024\/10\/CASAL_ESTIU_AMICS_JOCSDETAULA_UNO_ACTIVITATS_MIGDIA_AVIPA-edited-scaled.jpg\" alt=\"Jocs de taula, i diversi\u00f3, uno\" class=\"wp-image-3211\" srcset=\"https:\/\/avipa.es\/wp-content\/uploads\/2024\/10\/CASAL_ESTIU_AMICS_JOCSDETAULA_UNO_ACTIVITATS_MIGDIA_AVIPA-edited-scaled.jpg 2560w, https:\/\/avipa.es\/wp-content\/uploads\/2024\/10\/CASAL_ESTIU_AMICS_JOCSDETAULA_UNO_ACTIVITATS_MIGDIA_AVIPA-edited-300x225.jpg 300w, https:\/\/avipa.es\/wp-content\/uploads\/2024\/10\/CASAL_ESTIU_AMICS_JOCSDETAULA_UNO_ACTIVITATS_MIGDIA_AVIPA-edited-1024x768.jpg 1024w, https:\/\/avipa.es\/wp-content\/uploads\/2024\/10\/CASAL_ESTIU_AMICS_JOCSDETAULA_UNO_ACTIVITATS_MIGDIA_AVIPA-edited-768x576.jpg 768w, https:\/\/avipa.es\/wp-content\/uploads\/2024\/10\/CASAL_ESTIU_AMICS_JOCSDETAULA_UNO_ACTIVITATS_MIGDIA_AVIPA-edited-480x360.jpg 480w, https:\/\/avipa.es\/wp-content\/uploads\/2024\/10\/CASAL_ESTIU_AMICS_JOCSDETAULA_UNO_ACTIVITATS_MIGDIA_AVIPA-edited-640x480.jpg 640w, https:\/\/avipa.es\/wp-content\/uploads\/2024\/10\/CASAL_ESTIU_AMICS_JOCSDETAULA_UNO_ACTIVITATS_MIGDIA_AVIPA-edited-720x540.jpg 720w, https:\/\/avipa.es\/wp-content\/uploads\/2024\/10\/CASAL_ESTIU_AMICS_JOCSDETAULA_UNO_ACTIVITATS_MIGDIA_AVIPA-edited-960x720.jpg 960w, https:\/\/avipa.es\/wp-content\/uploads\/2024\/10\/CASAL_ESTIU_AMICS_JOCSDETAULA_UNO_ACTIVITATS_MIGDIA_AVIPA-edited-1168x876.jpg 1168w, https:\/\/avipa.es\/wp-content\/uploads\/2024\/10\/CASAL_ESTIU_AMICS_JOCSDETAULA_UNO_ACTIVITATS_MIGDIA_AVIPA-edited-1440x1080.jpg 1440w, https:\/\/avipa.es\/wp-content\/uploads\/2024\/10\/CASAL_ESTIU_AMICS_JOCSDETAULA_UNO_ACTIVITATS_MIGDIA_AVIPA-edited-1920x1440.jpg 1920w, https:\/\/avipa.es\/wp-content\/uploads\/2024\/10\/CASAL_ESTIU_AMICS_JOCSDETAULA_UNO_ACTIVITATS_MIGDIA_AVIPA-edited-1536x1152.jpg 1536w, https:\/\/avipa.es\/wp-content\/uploads\/2024\/10\/CASAL_ESTIU_AMICS_JOCSDETAULA_UNO_ACTIVITATS_MIGDIA_AVIPA-edited-2048x1536.jpg 2048w, https:\/\/avipa.es\/wp-content\/uploads\/2024\/10\/CASAL_ESTIU_AMICS_JOCSDETAULA_UNO_ACTIVITATS_MIGDIA_AVIPA-edited-600x450.jpg 600w\" sizes=\"auto, (max-width: 2560px) 100vw, 2560px\" \/><\/figure>\n\n\n\n<figure class=\"wp-block-image size-large\"><img loading=\"lazy\" decoding=\"async\" width=\"768\" height=\"1024\" data-id=\"3208\" src=\"https:\/\/avipa.es\/wp-content\/uploads\/2024\/10\/CASAL_ESTIU_AMICS_PULSERES_ACTIVITATS_MIGDIA_AVIPA-768x1024.jpg\" alt=\"Pulseres, els dimecres del Casal d'Estiu\" class=\"wp-image-3208\" srcset=\"https:\/\/avipa.es\/wp-content\/uploads\/2024\/10\/CASAL_ESTIU_AMICS_PULSERES_ACTIVITATS_MIGDIA_AVIPA-768x1024.jpg 768w, https:\/\/avipa.es\/wp-content\/uploads\/2024\/10\/CASAL_ESTIU_AMICS_PULSERES_ACTIVITATS_MIGDIA_AVIPA-225x300.jpg 225w, https:\/\/avipa.es\/wp-content\/uploads\/2024\/10\/CASAL_ESTIU_AMICS_PULSERES_ACTIVITATS_MIGDIA_AVIPA-480x640.jpg 480w, https:\/\/avipa.es\/wp-content\/uploads\/2024\/10\/CASAL_ESTIU_AMICS_PULSERES_ACTIVITATS_MIGDIA_AVIPA-640x853.jpg 640w, https:\/\/avipa.es\/wp-content\/uploads\/2024\/10\/CASAL_ESTIU_AMICS_PULSERES_ACTIVITATS_MIGDIA_AVIPA-720x960.jpg 720w, https:\/\/avipa.es\/wp-content\/uploads\/2024\/10\/CASAL_ESTIU_AMICS_PULSERES_ACTIVITATS_MIGDIA_AVIPA-960x1280.jpg 960w, https:\/\/avipa.es\/wp-content\/uploads\/2024\/10\/CASAL_ESTIU_AMICS_PULSERES_ACTIVITATS_MIGDIA_AVIPA-1168x1557.jpg 1168w, https:\/\/avipa.es\/wp-content\/uploads\/2024\/10\/CASAL_ESTIU_AMICS_PULSERES_ACTIVITATS_MIGDIA_AVIPA-1440x1920.jpg 1440w, https:\/\/avipa.es\/wp-content\/uploads\/2024\/10\/CASAL_ESTIU_AMICS_PULSERES_ACTIVITATS_MIGDIA_AVIPA-scaled.jpg 1920w, https:\/\/avipa.es\/wp-content\/uploads\/2024\/10\/CASAL_ESTIU_AMICS_PULSERES_ACTIVITATS_MIGDIA_AVIPA-1152x1536.jpg 1152w, https:\/\/avipa.es\/wp-content\/uploads\/2024\/10\/CASAL_ESTIU_AMICS_PULSERES_ACTIVITATS_MIGDIA_AVIPA-1536x2048.jpg 1536w, https:\/\/avipa.es\/wp-content\/uploads\/2024\/10\/CASAL_ESTIU_AMICS_PULSERES_ACTIVITATS_MIGDIA_AVIPA-600x800.jpg 600w\" sizes=\"auto, (max-width: 768px) 100vw, 768px\" \/><\/figure>\n<\/figure>\n\n\n\n<h4 class=\"wp-block-heading\">Activitats de Tarda<\/h4>\n\n\n\n<p>Igual que els dilluns, les tardes dels dimecres estan plenes d\u2019activitats variades que s\u2019adapten a les edats dels infants. La primera activitat de la tarda, la fan per grups d&#8217;edat, on tornen a gaudir de diferents activitats l\u00fadiques i esportives. <\/p>\n\n\n\n<figure class=\"wp-block-gallery has-nested-images columns-default is-cropped wp-block-gallery-3 is-layout-flex wp-block-gallery-is-layout-flex\">\n<figure class=\"wp-block-image size-large\"><img loading=\"lazy\" decoding=\"async\" width=\"576\" height=\"1024\" data-id=\"3213\" src=\"https:\/\/avipa.es\/wp-content\/uploads\/2024\/10\/CASAL_ESTIU_AMICS_VOLEI-576x1024.jpg\" alt=\"Jocs per grups d'edat\" class=\"wp-image-3213\" srcset=\"https:\/\/avipa.es\/wp-content\/uploads\/2024\/10\/CASAL_ESTIU_AMICS_VOLEI-576x1024.jpg 576w, https:\/\/avipa.es\/wp-content\/uploads\/2024\/10\/CASAL_ESTIU_AMICS_VOLEI-169x300.jpg 169w, https:\/\/avipa.es\/wp-content\/uploads\/2024\/10\/CASAL_ESTIU_AMICS_VOLEI-768x1365.jpg 768w, https:\/\/avipa.es\/wp-content\/uploads\/2024\/10\/CASAL_ESTIU_AMICS_VOLEI-480x853.jpg 480w, https:\/\/avipa.es\/wp-content\/uploads\/2024\/10\/CASAL_ESTIU_AMICS_VOLEI-640x1138.jpg 640w, https:\/\/avipa.es\/wp-content\/uploads\/2024\/10\/CASAL_ESTIU_AMICS_VOLEI-720x1280.jpg 720w, https:\/\/avipa.es\/wp-content\/uploads\/2024\/10\/CASAL_ESTIU_AMICS_VOLEI-960x1707.jpg 960w, https:\/\/avipa.es\/wp-content\/uploads\/2024\/10\/CASAL_ESTIU_AMICS_VOLEI-1168x2076.jpg 1168w, https:\/\/avipa.es\/wp-content\/uploads\/2024\/10\/CASAL_ESTIU_AMICS_VOLEI-scaled.jpg 1440w, https:\/\/avipa.es\/wp-content\/uploads\/2024\/10\/CASAL_ESTIU_AMICS_VOLEI-1920x3413.jpg 1920w, https:\/\/avipa.es\/wp-content\/uploads\/2024\/10\/CASAL_ESTIU_AMICS_VOLEI-864x1536.jpg 864w, https:\/\/avipa.es\/wp-content\/uploads\/2024\/10\/CASAL_ESTIU_AMICS_VOLEI-1152x2048.jpg 1152w, https:\/\/avipa.es\/wp-content\/uploads\/2024\/10\/CASAL_ESTIU_AMICS_VOLEI-600x1067.jpg 600w\" sizes=\"auto, (max-width: 576px) 100vw, 576px\" \/><\/figure>\n\n\n\n<figure class=\"wp-block-image size-large\"><img loading=\"lazy\" decoding=\"async\" width=\"576\" height=\"1024\" data-id=\"3214\" src=\"https:\/\/avipa.es\/wp-content\/uploads\/2024\/10\/CASAL_ESTIU_JOCS-576x1024.jpg\" alt=\"Jocs per grups d'edats\" class=\"wp-image-3214\" srcset=\"https:\/\/avipa.es\/wp-content\/uploads\/2024\/10\/CASAL_ESTIU_JOCS-576x1024.jpg 576w, https:\/\/avipa.es\/wp-content\/uploads\/2024\/10\/CASAL_ESTIU_JOCS-169x300.jpg 169w, https:\/\/avipa.es\/wp-content\/uploads\/2024\/10\/CASAL_ESTIU_JOCS-768x1365.jpg 768w, https:\/\/avipa.es\/wp-content\/uploads\/2024\/10\/CASAL_ESTIU_JOCS-480x853.jpg 480w, https:\/\/avipa.es\/wp-content\/uploads\/2024\/10\/CASAL_ESTIU_JOCS-640x1138.jpg 640w, https:\/\/avipa.es\/wp-content\/uploads\/2024\/10\/CASAL_ESTIU_JOCS-720x1280.jpg 720w, https:\/\/avipa.es\/wp-content\/uploads\/2024\/10\/CASAL_ESTIU_JOCS-960x1707.jpg 960w, https:\/\/avipa.es\/wp-content\/uploads\/2024\/10\/CASAL_ESTIU_JOCS-1168x2076.jpg 1168w, https:\/\/avipa.es\/wp-content\/uploads\/2024\/10\/CASAL_ESTIU_JOCS-scaled.jpg 1440w, https:\/\/avipa.es\/wp-content\/uploads\/2024\/10\/CASAL_ESTIU_JOCS-1920x3413.jpg 1920w, https:\/\/avipa.es\/wp-content\/uploads\/2024\/10\/CASAL_ESTIU_JOCS-864x1536.jpg 864w, https:\/\/avipa.es\/wp-content\/uploads\/2024\/10\/CASAL_ESTIU_JOCS-1152x2048.jpg 1152w, https:\/\/avipa.es\/wp-content\/uploads\/2024\/10\/CASAL_ESTIU_JOCS-600x1067.jpg 600w\" sizes=\"auto, (max-width: 576px) 100vw, 576px\" \/><\/figure>\n<\/figure>\n\n\n\n<p>La segona activitat de la tarda, \u00e9s l&#8217;activitat d&#8217;olimpiades, que segueix la l\u00ednea tem\u00e0tica de la setmana i on els infants competeixen de forma cooperativa. Aquestes activitats de tarda estan pensades per oferir als nens i nenes una experi\u00e8ncia equilibrada, on puguin desenvolupar les seves habilitats socials, f\u00edsiques i creatives. A m\u00e9s, permeten un moment de diversi\u00f3 i relaxaci\u00f3 abans de finalitzar la jornada al casal.<\/p>\n\n\n\n<figure class=\"wp-block-image size-large\"><img loading=\"lazy\" decoding=\"async\" width=\"1080\" height=\"2560\" src=\"https:\/\/avipa.es\/wp-content\/uploads\/2024\/10\/CASAL_ESTIU_AMICS_OLIMPIADES_SOGATIRA_COLABORACIO-edited-1-scaled.jpg\" alt=\"Jocs d'Olimpiades, els dimecres del Casal d'Estiu\" class=\"wp-image-3221\" srcset=\"https:\/\/avipa.es\/wp-content\/uploads\/2024\/10\/CASAL_ESTIU_AMICS_OLIMPIADES_SOGATIRA_COLABORACIO-edited-1-scaled.jpg 1080w, https:\/\/avipa.es\/wp-content\/uploads\/2024\/10\/CASAL_ESTIU_AMICS_OLIMPIADES_SOGATIRA_COLABORACIO-edited-1-127x300.jpg 127w, https:\/\/avipa.es\/wp-content\/uploads\/2024\/10\/CASAL_ESTIU_AMICS_OLIMPIADES_SOGATIRA_COLABORACIO-edited-1-432x1024.jpg 432w, https:\/\/avipa.es\/wp-content\/uploads\/2024\/10\/CASAL_ESTIU_AMICS_OLIMPIADES_SOGATIRA_COLABORACIO-edited-1-768x1820.jpg 768w, https:\/\/avipa.es\/wp-content\/uploads\/2024\/10\/CASAL_ESTIU_AMICS_OLIMPIADES_SOGATIRA_COLABORACIO-edited-1-480x1138.jpg 480w, https:\/\/avipa.es\/wp-content\/uploads\/2024\/10\/CASAL_ESTIU_AMICS_OLIMPIADES_SOGATIRA_COLABORACIO-edited-1-640x1517.jpg 640w, https:\/\/avipa.es\/wp-content\/uploads\/2024\/10\/CASAL_ESTIU_AMICS_OLIMPIADES_SOGATIRA_COLABORACIO-edited-1-720x1707.jpg 720w, https:\/\/avipa.es\/wp-content\/uploads\/2024\/10\/CASAL_ESTIU_AMICS_OLIMPIADES_SOGATIRA_COLABORACIO-edited-1-960x2276.jpg 960w, https:\/\/avipa.es\/wp-content\/uploads\/2024\/10\/CASAL_ESTIU_AMICS_OLIMPIADES_SOGATIRA_COLABORACIO-edited-1-1168x2769.jpg 1168w, https:\/\/avipa.es\/wp-content\/uploads\/2024\/10\/CASAL_ESTIU_AMICS_OLIMPIADES_SOGATIRA_COLABORACIO-edited-1-1440x3413.jpg 1440w, https:\/\/avipa.es\/wp-content\/uploads\/2024\/10\/CASAL_ESTIU_AMICS_OLIMPIADES_SOGATIRA_COLABORACIO-edited-1-648x1536.jpg 648w, https:\/\/avipa.es\/wp-content\/uploads\/2024\/10\/CASAL_ESTIU_AMICS_OLIMPIADES_SOGATIRA_COLABORACIO-edited-1-864x2048.jpg 864w, https:\/\/avipa.es\/wp-content\/uploads\/2024\/10\/CASAL_ESTIU_AMICS_OLIMPIADES_SOGATIRA_COLABORACIO-edited-1-600x1422.jpg 600w\" sizes=\"auto, (max-width: 1080px) 100vw, 1080px\" \/><\/figure>\n\n\n\n<p>Tanquem el dia repartint una pe\u00e7a de fruita a tots els nens i nenes del Casal. <\/p>\n\n\n\n<h4 class=\"wp-block-heading\">Conclusi\u00f3<\/h4>\n\n\n\n<p>Els dimecres al Casal d\u2019Estiu s\u00f3n plens de diversi\u00f3 i aventures, amb la piscina com a gran protagonista del dia. Els infants poden gaudir d\u2019un mat\u00ed refrescant a l\u2019aigua, seguit d\u2019activitats din\u00e0miques al migdia i una tarda plena de jocs i entreteniment. \u00c9s un dia complet, dissenyat perqu\u00e8 cada nen i nena pugui viure una experi\u00e8ncia \u00fanica i enriquidora, fent nous amics i creant records inoblidables.<\/p>\n\n\n\n<p>Veniu a gaudir dels dimecres amb nosaltres i feu d\u2019aquest estiu una aventura inoblidable!<\/p>\n\n\n\n<p>Descobreix els altres dies de la setmana:<\/p>\n\n\n\n<ul class=\"wp-block-list\">\n<li><a href=\"https:\/\/avipa.es\/ca\/dilluns-casal-estiu-concepcionistes-avipa-nens-nenes-infants-escola\/\">Dilluns<\/a><\/li>\n\n\n\n<li><a href=\"https:\/\/avipa.es\/ca\/dimarts-platja-casal-estiu-barcelona-nens-nenes-sorra-infants\/\">Dimarts<\/a><\/li>\n\n\n\n<li><a href=\"https:\/\/avipa.es\/ca\/dijous-nit-estels-casal-estiu-barcelona-concepcionistes-avipa-nens-nenes-infants-diversio\/\">Dijous<\/a><\/li>\n\n\n\n<li>Divendres<\/li>\n<\/ul>\n\n\n\n<p><\/p>\n","protected":false},"excerpt":{"rendered":"<p>Els dimecres s\u00f3n dies molt esperats al Casal d\u2019Estiu, especialment per una de les activitats m\u00e9s emocionants de la setmana: l&#8217;activitat de piscina. Aquest dia ofereix als infants una combinaci\u00f3 perfecta d&#8217;activitats aqu\u00e0tiques, jocs en grup i entreteniment creatiu, convertint-lo en una experi\u00e8ncia inoblidable. Piscina per Grups d\u2019Edat Comencem el dimecres separant els infants en [&hellip;]<\/p>\n","protected":false},"author":10,"featured_media":3201,"comment_status":"closed","ping_status":"closed","sticky":false,"template":"","format":"standard","meta":{"footnotes":""},"categories":[186,44],"tags":[207,82,158,208,121,100,120,188,212,209,211,204,206,210],"class_list":["post-3198","post","type-post","status-publish","format-standard","has-post-thumbnail","hentry","category-casal-destiu","category-uncategorized-ca","tag-ball","tag-barcelona-2","tag-concepcionistes","tag-danca","tag-diversio","tag-empresa","tag-escola","tag-estiu","tag-gracia-3","tag-jocs","tag-mundet","tag-piscina","tag-pulseres","tag-taula"],"yoast_head":"<!-- This site is optimized with the Yoast SEO plugin v27.4 - https:\/\/yoast.com\/product\/yoast-seo-wordpress\/ -->\n<title>Dimecres de piscina al Casal d&#039;Estiu - AVIPA<\/title>\n<meta name=\"description\" content=\"Els dimecres al Casal d\u2019Estiu Concepcionistes s\u00f3n plens de diversi\u00f3; piscina, jocs de grup i activitats variades. Descobreix un dia \u00fanic!\" \/>\n<meta name=\"robots\" content=\"index, follow, max-snippet:-1, max-image-preview:large, max-video-preview:-1\" \/>\n<link rel=\"canonical\" href=\"https:\/\/avipa.es\/ca\/dimecres-de-piscina-al-casal-destiu\/\" \/>\n<meta property=\"og:locale\" content=\"ca_ES\" \/>\n<meta property=\"og:type\" content=\"article\" \/>\n<meta property=\"og:title\" content=\"Dimecres de piscina al Casal d&#039;Estiu - AVIPA\" \/>\n<meta property=\"og:description\" content=\"Els dimecres al Casal d\u2019Estiu Concepcionistes s\u00f3n plens de diversi\u00f3; piscina, jocs de grup i activitats variades. Descobreix un dia \u00fanic!\" \/>\n<meta property=\"og:url\" content=\"https:\/\/avipa.es\/ca\/dimecres-de-piscina-al-casal-destiu\/\" \/>\n<meta property=\"og:site_name\" content=\"AVIPA\" \/>\n<meta property=\"article:published_time\" content=\"2024-10-10T08:40:07+00:00\" \/>\n<meta property=\"article:modified_time\" content=\"2024-10-11T09:49:50+00:00\" \/>\n<meta property=\"og:image\" content=\"https:\/\/avipa.es\/wp-content\/uploads\/2024\/10\/CASAL_ESTIU_ACTIVITATS_PISCINA_MUNDET_AMICS_AVIPA-scaled.jpg\" \/>\n\t<meta property=\"og:image:width\" content=\"1920\" \/>\n\t<meta property=\"og:image:height\" content=\"2560\" \/>\n\t<meta property=\"og:image:type\" content=\"image\/jpeg\" \/>\n<meta name=\"author\" content=\"concepcionistas@avipa.es\" \/>\n<meta name=\"twitter:card\" content=\"summary_large_image\" \/>\n<meta name=\"twitter:label1\" content=\"Escrit per\" \/>\n\t<meta name=\"twitter:data1\" content=\"concepcionistas@avipa.es\" \/>\n\t<meta name=\"twitter:label2\" content=\"Temps estimat de lectura\" \/>\n\t<meta name=\"twitter:data2\" content=\"6 minuts\" \/>\n<script type=\"application\/ld+json\" class=\"yoast-schema-graph\">{\"@context\":\"https:\\\/\\\/schema.org\",\"@graph\":[{\"@type\":\"Article\",\"@id\":\"https:\\\/\\\/avipa.es\\\/ca\\\/dimecres-de-piscina-al-casal-destiu\\\/#article\",\"isPartOf\":{\"@id\":\"https:\\\/\\\/avipa.es\\\/ca\\\/dimecres-de-piscina-al-casal-destiu\\\/\"},\"author\":{\"name\":\"concepcionistas@avipa.es\",\"@id\":\"https:\\\/\\\/avipa.es\\\/ca\\\/#\\\/schema\\\/person\\\/ab29728ff0c31e22101bbda14a518e64\"},\"headline\":\"Dimecres de piscina al Casal d&#8217;Estiu\",\"datePublished\":\"2024-10-10T08:40:07+00:00\",\"dateModified\":\"2024-10-11T09:49:50+00:00\",\"mainEntityOfPage\":{\"@id\":\"https:\\\/\\\/avipa.es\\\/ca\\\/dimecres-de-piscina-al-casal-destiu\\\/\"},\"wordCount\":781,\"image\":{\"@id\":\"https:\\\/\\\/avipa.es\\\/ca\\\/dimecres-de-piscina-al-casal-destiu\\\/#primaryimage\"},\"thumbnailUrl\":\"https:\\\/\\\/avipa.es\\\/wp-content\\\/uploads\\\/2024\\\/10\\\/CASAL_ESTIU_ACTIVITATS_PISCINA_MUNDET_AMICS_AVIPA-scaled.jpg\",\"keywords\":[\"ball\",\"barcelona\",\"concepcionistes\",\"dan\u00e7a\",\"diversi\u00f3\",\"empresa\",\"escola\",\"estiu\",\"gracia\",\"jocs\",\"mundet\",\"Piscina\",\"pulseres\",\"taula\"],\"articleSection\":[\"Casal d'Estiu\",\"Uncategorized @ca\"],\"inLanguage\":\"ca\"},{\"@type\":\"WebPage\",\"@id\":\"https:\\\/\\\/avipa.es\\\/ca\\\/dimecres-de-piscina-al-casal-destiu\\\/\",\"url\":\"https:\\\/\\\/avipa.es\\\/ca\\\/dimecres-de-piscina-al-casal-destiu\\\/\",\"name\":\"Dimecres de piscina al Casal d'Estiu - AVIPA\",\"isPartOf\":{\"@id\":\"https:\\\/\\\/avipa.es\\\/ca\\\/#website\"},\"primaryImageOfPage\":{\"@id\":\"https:\\\/\\\/avipa.es\\\/ca\\\/dimecres-de-piscina-al-casal-destiu\\\/#primaryimage\"},\"image\":{\"@id\":\"https:\\\/\\\/avipa.es\\\/ca\\\/dimecres-de-piscina-al-casal-destiu\\\/#primaryimage\"},\"thumbnailUrl\":\"https:\\\/\\\/avipa.es\\\/wp-content\\\/uploads\\\/2024\\\/10\\\/CASAL_ESTIU_ACTIVITATS_PISCINA_MUNDET_AMICS_AVIPA-scaled.jpg\",\"datePublished\":\"2024-10-10T08:40:07+00:00\",\"dateModified\":\"2024-10-11T09:49:50+00:00\",\"author\":{\"@id\":\"https:\\\/\\\/avipa.es\\\/ca\\\/#\\\/schema\\\/person\\\/ab29728ff0c31e22101bbda14a518e64\"},\"description\":\"Els dimecres al Casal d\u2019Estiu Concepcionistes s\u00f3n plens de diversi\u00f3; piscina, jocs de grup i activitats variades. Descobreix un dia \u00fanic!\",\"breadcrumb\":{\"@id\":\"https:\\\/\\\/avipa.es\\\/ca\\\/dimecres-de-piscina-al-casal-destiu\\\/#breadcrumb\"},\"inLanguage\":\"ca\",\"potentialAction\":[{\"@type\":\"ReadAction\",\"target\":[\"https:\\\/\\\/avipa.es\\\/ca\\\/dimecres-de-piscina-al-casal-destiu\\\/\"]}]},{\"@type\":\"ImageObject\",\"inLanguage\":\"ca\",\"@id\":\"https:\\\/\\\/avipa.es\\\/ca\\\/dimecres-de-piscina-al-casal-destiu\\\/#primaryimage\",\"url\":\"https:\\\/\\\/avipa.es\\\/wp-content\\\/uploads\\\/2024\\\/10\\\/CASAL_ESTIU_ACTIVITATS_PISCINA_MUNDET_AMICS_AVIPA-scaled.jpg\",\"contentUrl\":\"https:\\\/\\\/avipa.es\\\/wp-content\\\/uploads\\\/2024\\\/10\\\/CASAL_ESTIU_ACTIVITATS_PISCINA_MUNDET_AMICS_AVIPA-scaled.jpg\",\"width\":1920,\"height\":2560},{\"@type\":\"BreadcrumbList\",\"@id\":\"https:\\\/\\\/avipa.es\\\/ca\\\/dimecres-de-piscina-al-casal-destiu\\\/#breadcrumb\",\"itemListElement\":[{\"@type\":\"ListItem\",\"position\":1,\"name\":\"Portada\",\"item\":\"https:\\\/\\\/avipa.es\\\/ca\\\/\"},{\"@type\":\"ListItem\",\"position\":2,\"name\":\"Dimecres de piscina al Casal d&#8217;Estiu\"}]},{\"@type\":\"WebSite\",\"@id\":\"https:\\\/\\\/avipa.es\\\/ca\\\/#website\",\"url\":\"https:\\\/\\\/avipa.es\\\/ca\\\/\",\"name\":\"AVIPA\",\"description\":\"Actividades extraescolares para ni\u00f1os\",\"potentialAction\":[{\"@type\":\"SearchAction\",\"target\":{\"@type\":\"EntryPoint\",\"urlTemplate\":\"https:\\\/\\\/avipa.es\\\/ca\\\/?s={search_term_string}\"},\"query-input\":{\"@type\":\"PropertyValueSpecification\",\"valueRequired\":true,\"valueName\":\"search_term_string\"}}],\"inLanguage\":\"ca\"},{\"@type\":\"Person\",\"@id\":\"https:\\\/\\\/avipa.es\\\/ca\\\/#\\\/schema\\\/person\\\/ab29728ff0c31e22101bbda14a518e64\",\"name\":\"concepcionistas@avipa.es\",\"image\":{\"@type\":\"ImageObject\",\"inLanguage\":\"ca\",\"@id\":\"https:\\\/\\\/secure.gravatar.com\\\/avatar\\\/56fe679a65aa3b0be8bf49ae29db0a9fb99725ef97344f2e7952fc862256c5ba?s=96&d=mm&r=g\",\"url\":\"https:\\\/\\\/secure.gravatar.com\\\/avatar\\\/56fe679a65aa3b0be8bf49ae29db0a9fb99725ef97344f2e7952fc862256c5ba?s=96&d=mm&r=g\",\"contentUrl\":\"https:\\\/\\\/secure.gravatar.com\\\/avatar\\\/56fe679a65aa3b0be8bf49ae29db0a9fb99725ef97344f2e7952fc862256c5ba?s=96&d=mm&r=g\",\"caption\":\"concepcionistas@avipa.es\"},\"url\":\"https:\\\/\\\/avipa.es\\\/ca\\\/author\\\/concepcionistasavipa-es\\\/\"}]}<\/script>\n<!-- \/ Yoast SEO plugin. -->","yoast_head_json":{"title":"Dimecres de piscina al Casal d'Estiu - AVIPA","description":"Els dimecres al Casal d\u2019Estiu Concepcionistes s\u00f3n plens de diversi\u00f3; piscina, jocs de grup i activitats variades. Descobreix un dia \u00fanic!","robots":{"index":"index","follow":"follow","max-snippet":"max-snippet:-1","max-image-preview":"max-image-preview:large","max-video-preview":"max-video-preview:-1"},"canonical":"https:\/\/avipa.es\/ca\/dimecres-de-piscina-al-casal-destiu\/","og_locale":"ca_ES","og_type":"article","og_title":"Dimecres de piscina al Casal d'Estiu - AVIPA","og_description":"Els dimecres al Casal d\u2019Estiu Concepcionistes s\u00f3n plens de diversi\u00f3; piscina, jocs de grup i activitats variades. Descobreix un dia \u00fanic!","og_url":"https:\/\/avipa.es\/ca\/dimecres-de-piscina-al-casal-destiu\/","og_site_name":"AVIPA","article_published_time":"2024-10-10T08:40:07+00:00","article_modified_time":"2024-10-11T09:49:50+00:00","og_image":[{"width":1920,"height":2560,"url":"https:\/\/avipa.es\/wp-content\/uploads\/2024\/10\/CASAL_ESTIU_ACTIVITATS_PISCINA_MUNDET_AMICS_AVIPA-scaled.jpg","type":"image\/jpeg"}],"author":"concepcionistas@avipa.es","twitter_card":"summary_large_image","twitter_misc":{"Escrit per":"concepcionistas@avipa.es","Temps estimat de lectura":"6 minuts"},"schema":{"@context":"https:\/\/schema.org","@graph":[{"@type":"Article","@id":"https:\/\/avipa.es\/ca\/dimecres-de-piscina-al-casal-destiu\/#article","isPartOf":{"@id":"https:\/\/avipa.es\/ca\/dimecres-de-piscina-al-casal-destiu\/"},"author":{"name":"concepcionistas@avipa.es","@id":"https:\/\/avipa.es\/ca\/#\/schema\/person\/ab29728ff0c31e22101bbda14a518e64"},"headline":"Dimecres de piscina al Casal d&#8217;Estiu","datePublished":"2024-10-10T08:40:07+00:00","dateModified":"2024-10-11T09:49:50+00:00","mainEntityOfPage":{"@id":"https:\/\/avipa.es\/ca\/dimecres-de-piscina-al-casal-destiu\/"},"wordCount":781,"image":{"@id":"https:\/\/avipa.es\/ca\/dimecres-de-piscina-al-casal-destiu\/#primaryimage"},"thumbnailUrl":"https:\/\/avipa.es\/wp-content\/uploads\/2024\/10\/CASAL_ESTIU_ACTIVITATS_PISCINA_MUNDET_AMICS_AVIPA-scaled.jpg","keywords":["ball","barcelona","concepcionistes","dan\u00e7a","diversi\u00f3","empresa","escola","estiu","gracia","jocs","mundet","Piscina","pulseres","taula"],"articleSection":["Casal d'Estiu","Uncategorized @ca"],"inLanguage":"ca"},{"@type":"WebPage","@id":"https:\/\/avipa.es\/ca\/dimecres-de-piscina-al-casal-destiu\/","url":"https:\/\/avipa.es\/ca\/dimecres-de-piscina-al-casal-destiu\/","name":"Dimecres de piscina al Casal d'Estiu - AVIPA","isPartOf":{"@id":"https:\/\/avipa.es\/ca\/#website"},"primaryImageOfPage":{"@id":"https:\/\/avipa.es\/ca\/dimecres-de-piscina-al-casal-destiu\/#primaryimage"},"image":{"@id":"https:\/\/avipa.es\/ca\/dimecres-de-piscina-al-casal-destiu\/#primaryimage"},"thumbnailUrl":"https:\/\/avipa.es\/wp-content\/uploads\/2024\/10\/CASAL_ESTIU_ACTIVITATS_PISCINA_MUNDET_AMICS_AVIPA-scaled.jpg","datePublished":"2024-10-10T08:40:07+00:00","dateModified":"2024-10-11T09:49:50+00:00","author":{"@id":"https:\/\/avipa.es\/ca\/#\/schema\/person\/ab29728ff0c31e22101bbda14a518e64"},"description":"Els dimecres al Casal d\u2019Estiu Concepcionistes s\u00f3n plens de diversi\u00f3; piscina, jocs de grup i activitats variades. Descobreix un dia \u00fanic!","breadcrumb":{"@id":"https:\/\/avipa.es\/ca\/dimecres-de-piscina-al-casal-destiu\/#breadcrumb"},"inLanguage":"ca","potentialAction":[{"@type":"ReadAction","target":["https:\/\/avipa.es\/ca\/dimecres-de-piscina-al-casal-destiu\/"]}]},{"@type":"ImageObject","inLanguage":"ca","@id":"https:\/\/avipa.es\/ca\/dimecres-de-piscina-al-casal-destiu\/#primaryimage","url":"https:\/\/avipa.es\/wp-content\/uploads\/2024\/10\/CASAL_ESTIU_ACTIVITATS_PISCINA_MUNDET_AMICS_AVIPA-scaled.jpg","contentUrl":"https:\/\/avipa.es\/wp-content\/uploads\/2024\/10\/CASAL_ESTIU_ACTIVITATS_PISCINA_MUNDET_AMICS_AVIPA-scaled.jpg","width":1920,"height":2560},{"@type":"BreadcrumbList","@id":"https:\/\/avipa.es\/ca\/dimecres-de-piscina-al-casal-destiu\/#breadcrumb","itemListElement":[{"@type":"ListItem","position":1,"name":"Portada","item":"https:\/\/avipa.es\/ca\/"},{"@type":"ListItem","position":2,"name":"Dimecres de piscina al Casal d&#8217;Estiu"}]},{"@type":"WebSite","@id":"https:\/\/avipa.es\/ca\/#website","url":"https:\/\/avipa.es\/ca\/","name":"AVIPA","description":"Actividades extraescolares para ni\u00f1os","potentialAction":[{"@type":"SearchAction","target":{"@type":"EntryPoint","urlTemplate":"https:\/\/avipa.es\/ca\/?s={search_term_string}"},"query-input":{"@type":"PropertyValueSpecification","valueRequired":true,"valueName":"search_term_string"}}],"inLanguage":"ca"},{"@type":"Person","@id":"https:\/\/avipa.es\/ca\/#\/schema\/person\/ab29728ff0c31e22101bbda14a518e64","name":"concepcionistas@avipa.es","image":{"@type":"ImageObject","inLanguage":"ca","@id":"https:\/\/secure.gravatar.com\/avatar\/56fe679a65aa3b0be8bf49ae29db0a9fb99725ef97344f2e7952fc862256c5ba?s=96&d=mm&r=g","url":"https:\/\/secure.gravatar.com\/avatar\/56fe679a65aa3b0be8bf49ae29db0a9fb99725ef97344f2e7952fc862256c5ba?s=96&d=mm&r=g","contentUrl":"https:\/\/secure.gravatar.com\/avatar\/56fe679a65aa3b0be8bf49ae29db0a9fb99725ef97344f2e7952fc862256c5ba?s=96&d=mm&r=g","caption":"concepcionistas@avipa.es"},"url":"https:\/\/avipa.es\/ca\/author\/concepcionistasavipa-es\/"}]}},"meta_box":[],"_links":{"self":[{"href":"https:\/\/avipa.es\/ca\/wp-json\/wp\/v2\/posts\/3198","targetHints":{"allow":["GET"]}}],"collection":[{"href":"https:\/\/avipa.es\/ca\/wp-json\/wp\/v2\/posts"}],"about":[{"href":"https:\/\/avipa.es\/ca\/wp-json\/wp\/v2\/types\/post"}],"author":[{"embeddable":true,"href":"https:\/\/avipa.es\/ca\/wp-json\/wp\/v2\/users\/10"}],"replies":[{"embeddable":true,"href":"https:\/\/avipa.es\/ca\/wp-json\/wp\/v2\/comments?post=3198"}],"version-history":[{"count":2,"href":"https:\/\/avipa.es\/ca\/wp-json\/wp\/v2\/posts\/3198\/revisions"}],"predecessor-version":[{"id":3256,"href":"https:\/\/avipa.es\/ca\/wp-json\/wp\/v2\/posts\/3198\/revisions\/3256"}],"wp:featuredmedia":[{"embeddable":true,"href":"https:\/\/avipa.es\/ca\/wp-json\/wp\/v2\/media\/3201"}],"wp:attachment":[{"href":"https:\/\/avipa.es\/ca\/wp-json\/wp\/v2\/media?parent=3198"}],"wp:term":[{"taxonomy":"category","embeddable":true,"href":"https:\/\/avipa.es\/ca\/wp-json\/wp\/v2\/categories?post=3198"},{"taxonomy":"post_tag","embeddable":true,"href":"https:\/\/avipa.es\/ca\/wp-json\/wp\/v2\/tags?post=3198"}],"curies":[{"name":"wp","href":"https:\/\/api.w.org\/{rel}","templated":true}]}}