{"id":3274,"date":"2024-10-14T10:26:14","date_gmt":"2024-10-14T08:26:14","guid":{"rendered":"https:\/\/avipa.es\/?p=3274"},"modified":"2024-10-14T11:02:46","modified_gmt":"2024-10-14T09:02:46","slug":"divendres-casal-estiu-diversio-infants-nens-nenes-piscina-esmorzar-ball-setmana-els","status":"publish","type":"post","link":"https:\/\/avipa.es\/ca\/divendres-casal-estiu-diversio-infants-nens-nenes-piscina-esmorzar-ball-setmana-els\/","title":{"rendered":"Aix\u00ed s\u00f3n els divendres al Casal d\u2019Estiu Concepcionistes"},"content":{"rendered":"\n<p>Els divendres s\u00f3n el punt culminant de la setmana al Casal d\u2019Estiu Concepcionistes. Un dia ple de diversi\u00f3 i activitats especials que marquen el final de la setmana amb moments inoblidables. Despr\u00e9s de la <strong>nit d\u2019estels<\/strong> passada a l&#8217;escola, els infants desperten junts al pati, preparats per viure un nou dia d&#8217;aventures. Aquest \u00e9s un dels aspectes \u00fanics dels divendres, ja que permet als nens i nenes gaudir d&#8217;una experi\u00e8ncia de conviv\u00e8ncia m\u00e9s profunda, en un ambient relaxat per\u00f2 emocionant.<\/p>\n\n\n\n<h3 class=\"wp-block-heading\">Preparaci\u00f3 per a la Piscina<\/h3>\n\n\n\n<p>Un cop desperts, els infants es dediquen a recollir els seus sacs de dormir i les pertinences que han utilitzat durant la nit. Aquesta activitat de <strong>recollida i organitzaci\u00f3<\/strong> els ensenya responsabilitat i treball en equip, ja que tots participen en deixar l\u2019espai net i preparat per a les activitats del dia.<\/p>\n\n\n\n<figure class=\"wp-block-image size-large\"><img loading=\"lazy\" decoding=\"async\" width=\"2560\" height=\"1920\" src=\"https:\/\/avipa.es\/wp-content\/uploads\/2024\/10\/MATI_NIT_ESTELS_AVIPA_CASAL_ESTIU_BON_DIA_ESO-edited-scaled.jpg\" alt=\"els divendres al Casal d\u2019Estiu pel mat\u00ed al despertar\" class=\"wp-image-3287\" srcset=\"https:\/\/avipa.es\/wp-content\/uploads\/2024\/10\/MATI_NIT_ESTELS_AVIPA_CASAL_ESTIU_BON_DIA_ESO-edited-scaled.jpg 2560w, https:\/\/avipa.es\/wp-content\/uploads\/2024\/10\/MATI_NIT_ESTELS_AVIPA_CASAL_ESTIU_BON_DIA_ESO-edited-300x225.jpg 300w, https:\/\/avipa.es\/wp-content\/uploads\/2024\/10\/MATI_NIT_ESTELS_AVIPA_CASAL_ESTIU_BON_DIA_ESO-edited-1024x768.jpg 1024w, https:\/\/avipa.es\/wp-content\/uploads\/2024\/10\/MATI_NIT_ESTELS_AVIPA_CASAL_ESTIU_BON_DIA_ESO-edited-768x576.jpg 768w, https:\/\/avipa.es\/wp-content\/uploads\/2024\/10\/MATI_NIT_ESTELS_AVIPA_CASAL_ESTIU_BON_DIA_ESO-edited-480x360.jpg 480w, https:\/\/avipa.es\/wp-content\/uploads\/2024\/10\/MATI_NIT_ESTELS_AVIPA_CASAL_ESTIU_BON_DIA_ESO-edited-640x480.jpg 640w, https:\/\/avipa.es\/wp-content\/uploads\/2024\/10\/MATI_NIT_ESTELS_AVIPA_CASAL_ESTIU_BON_DIA_ESO-edited-720x540.jpg 720w, https:\/\/avipa.es\/wp-content\/uploads\/2024\/10\/MATI_NIT_ESTELS_AVIPA_CASAL_ESTIU_BON_DIA_ESO-edited-960x720.jpg 960w, https:\/\/avipa.es\/wp-content\/uploads\/2024\/10\/MATI_NIT_ESTELS_AVIPA_CASAL_ESTIU_BON_DIA_ESO-edited-1168x876.jpg 1168w, https:\/\/avipa.es\/wp-content\/uploads\/2024\/10\/MATI_NIT_ESTELS_AVIPA_CASAL_ESTIU_BON_DIA_ESO-edited-1440x1080.jpg 1440w, https:\/\/avipa.es\/wp-content\/uploads\/2024\/10\/MATI_NIT_ESTELS_AVIPA_CASAL_ESTIU_BON_DIA_ESO-edited-1920x1440.jpg 1920w, https:\/\/avipa.es\/wp-content\/uploads\/2024\/10\/MATI_NIT_ESTELS_AVIPA_CASAL_ESTIU_BON_DIA_ESO-edited-1536x1152.jpg 1536w, https:\/\/avipa.es\/wp-content\/uploads\/2024\/10\/MATI_NIT_ESTELS_AVIPA_CASAL_ESTIU_BON_DIA_ESO-edited-2048x1536.jpg 2048w, https:\/\/avipa.es\/wp-content\/uploads\/2024\/10\/MATI_NIT_ESTELS_AVIPA_CASAL_ESTIU_BON_DIA_ESO-edited-600x450.jpg 600w\" sizes=\"auto, (max-width: 2560px) 100vw, 2560px\" \/><\/figure>\n\n\n\n<p>Amb tot organitzat, arriba el moment de l&#8217;esmorzar al pati de l&#8217;escola, un moment de tranquil\u00b7litat on els infants poden gaudir de sucs o Cacaolat acompanyats de galetes. Aquest esmorzar, que es fa a l\u2019aire lliure. Ofereix un espai de conviv\u00e8ncia on els infants poden xerrar, riure i compartir moments amb els seus companys i monitores abans de comen\u00e7ar les activitats del dia.<\/p>\n\n\n\n<h3 class=\"wp-block-heading\">Sortida a la piscina<\/h3>\n\n\n\n<p>Despr\u00e9s de l\u2019esmorzar, arriba el moment esperat per molts: la <strong>sortida a la piscina<\/strong>. Els divendres, igual que els dimecres, es divideixen en dos torns per edats per garantir que tothom tingui l\u2019oportunitat de gaudir de la piscina amb la m\u00e0xima seguretat i diversi\u00f3.<\/p>\n\n\n\n<ul class=\"wp-block-list\">\n<li><strong>Primer torn (Infantil i 1r de Prim\u00e0ria)<\/strong>: Els m\u00e9s petits marxen cap a la piscina a les 9:15h, despr\u00e9s d\u2019haver gaudit d\u2019un mat\u00ed tranquil. Passaran tot el mat\u00ed a la <a href=\"https:\/\/www.cemmundet.cat\/\">piscina de Mundet<\/a>, on poden gaudir de jocs aqu\u00e0tics i refrescar-se amb l\u2019aigua. Despr\u00e9s de l&#8217;activitat de piscina esmorzaran tots junts pa amb embutit, podran escollir entre fuet i pernil dol\u00e7. Un cop tornen a l\u2019escola a les 12:15h, tenen un temps per participar en activitats per grups d&#8217;edats fins a l\u2019hora de dinar.<\/li>\n\n\n\n<li><strong>Segon torn (2n a 6\u00e8 de Prim\u00e0ria)<\/strong>: Mentre el primer grup es troba a la piscina, els m\u00e9s grans fan activitats per grups d\u2019edat a l\u2019escola, jocs que estimulen la creativitat i la cooperaci\u00f3. Abans de marxar a piscina esmorzen a l&#8217;escola pa amb embutit. A les 9:45h, marxen cap a la piscina per gaudir tamb\u00e9 del seu moment de relaxaci\u00f3 aqu\u00e0tica. En tornar, es preparen per dinar a l\u2019escola tots junts, ja amb l\u2019energia renovada.<\/li>\n<\/ul>\n\n\n\n<figure class=\"wp-block-image size-large\"><img loading=\"lazy\" decoding=\"async\" width=\"2560\" height=\"1707\" src=\"https:\/\/avipa.es\/wp-content\/uploads\/2024\/10\/CASAL_ESTIU_ACTIVITATS_PISCINA_MUNDET_AMICS_AVIPA-edited-scaled.jpg\" alt=\"divendres de casal d'estiu, piscina mundet\" class=\"wp-image-3283\" srcset=\"https:\/\/avipa.es\/wp-content\/uploads\/2024\/10\/CASAL_ESTIU_ACTIVITATS_PISCINA_MUNDET_AMICS_AVIPA-edited-scaled.jpg 2560w, https:\/\/avipa.es\/wp-content\/uploads\/2024\/10\/CASAL_ESTIU_ACTIVITATS_PISCINA_MUNDET_AMICS_AVIPA-edited-300x200.jpg 300w, https:\/\/avipa.es\/wp-content\/uploads\/2024\/10\/CASAL_ESTIU_ACTIVITATS_PISCINA_MUNDET_AMICS_AVIPA-edited-1024x683.jpg 1024w, https:\/\/avipa.es\/wp-content\/uploads\/2024\/10\/CASAL_ESTIU_ACTIVITATS_PISCINA_MUNDET_AMICS_AVIPA-edited-768x512.jpg 768w, https:\/\/avipa.es\/wp-content\/uploads\/2024\/10\/CASAL_ESTIU_ACTIVITATS_PISCINA_MUNDET_AMICS_AVIPA-edited-480x320.jpg 480w, https:\/\/avipa.es\/wp-content\/uploads\/2024\/10\/CASAL_ESTIU_ACTIVITATS_PISCINA_MUNDET_AMICS_AVIPA-edited-640x427.jpg 640w, https:\/\/avipa.es\/wp-content\/uploads\/2024\/10\/CASAL_ESTIU_ACTIVITATS_PISCINA_MUNDET_AMICS_AVIPA-edited-720x480.jpg 720w, https:\/\/avipa.es\/wp-content\/uploads\/2024\/10\/CASAL_ESTIU_ACTIVITATS_PISCINA_MUNDET_AMICS_AVIPA-edited-960x640.jpg 960w, https:\/\/avipa.es\/wp-content\/uploads\/2024\/10\/CASAL_ESTIU_ACTIVITATS_PISCINA_MUNDET_AMICS_AVIPA-edited-1168x779.jpg 1168w, https:\/\/avipa.es\/wp-content\/uploads\/2024\/10\/CASAL_ESTIU_ACTIVITATS_PISCINA_MUNDET_AMICS_AVIPA-edited-1440x960.jpg 1440w, https:\/\/avipa.es\/wp-content\/uploads\/2024\/10\/CASAL_ESTIU_ACTIVITATS_PISCINA_MUNDET_AMICS_AVIPA-edited-1920x1280.jpg 1920w, https:\/\/avipa.es\/wp-content\/uploads\/2024\/10\/CASAL_ESTIU_ACTIVITATS_PISCINA_MUNDET_AMICS_AVIPA-edited-1536x1024.jpg 1536w, https:\/\/avipa.es\/wp-content\/uploads\/2024\/10\/CASAL_ESTIU_ACTIVITATS_PISCINA_MUNDET_AMICS_AVIPA-edited-2048x1365.jpg 2048w, https:\/\/avipa.es\/wp-content\/uploads\/2024\/10\/CASAL_ESTIU_ACTIVITATS_PISCINA_MUNDET_AMICS_AVIPA-edited-600x400.jpg 600w\" sizes=\"auto, (max-width: 2560px) 100vw, 2560px\" \/><\/figure>\n\n\n\n<h3 class=\"wp-block-heading\">Activitats de Migdia<\/h3>\n\n\n\n<p>Com la resta de la setmana, els divendres es continuen les activitats de <strong>migdia<\/strong>, on els infants poden participar en diferents propostes que varien d\u2019un dia a l\u2019altre. Les opcions s\u00f3n variades i permeten als nens i nenes trobar el seu espai d\u2019entreteniment preferit. Les activitats s\u00f3n: (Tablets, Jocs de Taula, Karaoke, Ball, Pulseres i Atrapa un mili\u00f3)<\/p>\n\n\n\n<h3 class=\"wp-block-heading\">Tardes de Divendres al Casal d&#8217;Estiu<\/h3>\n\n\n\n<p>La tarda dels divendres t\u00e9 un component especial que la diferencia de la resta dels dies de la setmana. Despr\u00e9s de la din\u00e0mica de jocs per grups d\u2019edat, tots els participants del Casal es reuneixen per a una de les activitats m\u00e9s esperades: el <strong>Ball de la Setmana<\/strong>. Aquesta activitat aconsegueix unir nens i nenes de totes les edats en una coreografia conjunta que han estat practicant durant l&#8217;activitat de ball del migdia, on poden expressar-se a trav\u00e9s de la m\u00fasica i el moviment. A m\u00e9s de ser un moment de pura diversi\u00f3, el ball tamb\u00e9 fomenta la cohesi\u00f3 entre els grups i crea un sentiment de comunitat que es mant\u00e9 al llarg de tot l&#8217;estiu.<\/p>\n\n\n\n<figure class=\"wp-block-image size-large\"><img loading=\"lazy\" decoding=\"async\" width=\"2560\" height=\"1440\" src=\"https:\/\/avipa.es\/wp-content\/uploads\/2024\/10\/CASAL_ESTIU_BALL_DIVENDRES_AVIPA_DIVERSIO_NENS_NENES-edited-scaled.jpg\" alt=\"Ball de la setmana, divendres, activitat conjunta\" class=\"wp-image-3281\" srcset=\"https:\/\/avipa.es\/wp-content\/uploads\/2024\/10\/CASAL_ESTIU_BALL_DIVENDRES_AVIPA_DIVERSIO_NENS_NENES-edited-scaled.jpg 2560w, https:\/\/avipa.es\/wp-content\/uploads\/2024\/10\/CASAL_ESTIU_BALL_DIVENDRES_AVIPA_DIVERSIO_NENS_NENES-edited-300x169.jpg 300w, https:\/\/avipa.es\/wp-content\/uploads\/2024\/10\/CASAL_ESTIU_BALL_DIVENDRES_AVIPA_DIVERSIO_NENS_NENES-edited-1024x576.jpg 1024w, https:\/\/avipa.es\/wp-content\/uploads\/2024\/10\/CASAL_ESTIU_BALL_DIVENDRES_AVIPA_DIVERSIO_NENS_NENES-edited-768x432.jpg 768w, https:\/\/avipa.es\/wp-content\/uploads\/2024\/10\/CASAL_ESTIU_BALL_DIVENDRES_AVIPA_DIVERSIO_NENS_NENES-edited-480x270.jpg 480w, https:\/\/avipa.es\/wp-content\/uploads\/2024\/10\/CASAL_ESTIU_BALL_DIVENDRES_AVIPA_DIVERSIO_NENS_NENES-edited-640x360.jpg 640w, https:\/\/avipa.es\/wp-content\/uploads\/2024\/10\/CASAL_ESTIU_BALL_DIVENDRES_AVIPA_DIVERSIO_NENS_NENES-edited-720x405.jpg 720w, https:\/\/avipa.es\/wp-content\/uploads\/2024\/10\/CASAL_ESTIU_BALL_DIVENDRES_AVIPA_DIVERSIO_NENS_NENES-edited-960x540.jpg 960w, https:\/\/avipa.es\/wp-content\/uploads\/2024\/10\/CASAL_ESTIU_BALL_DIVENDRES_AVIPA_DIVERSIO_NENS_NENES-edited-1168x657.jpg 1168w, https:\/\/avipa.es\/wp-content\/uploads\/2024\/10\/CASAL_ESTIU_BALL_DIVENDRES_AVIPA_DIVERSIO_NENS_NENES-edited-1440x810.jpg 1440w, https:\/\/avipa.es\/wp-content\/uploads\/2024\/10\/CASAL_ESTIU_BALL_DIVENDRES_AVIPA_DIVERSIO_NENS_NENES-edited-1920x1080.jpg 1920w, https:\/\/avipa.es\/wp-content\/uploads\/2024\/10\/CASAL_ESTIU_BALL_DIVENDRES_AVIPA_DIVERSIO_NENS_NENES-edited-1536x864.jpg 1536w, https:\/\/avipa.es\/wp-content\/uploads\/2024\/10\/CASAL_ESTIU_BALL_DIVENDRES_AVIPA_DIVERSIO_NENS_NENES-edited-2048x1152.jpg 2048w, https:\/\/avipa.es\/wp-content\/uploads\/2024\/10\/CASAL_ESTIU_BALL_DIVENDRES_AVIPA_DIVERSIO_NENS_NENES-edited-600x338.jpg 600w\" sizes=\"auto, (max-width: 2560px) 100vw, 2560px\" \/><\/figure>\n\n\n\n<p>El ball culmina amb una de les tradicions m\u00e9s simb\u00f2liques del Casal: la <strong>fotografia de la setmana<\/strong>. Tots els infants i tot l&#8217;equip de monitors i mp&#8217;s es reuneixen per fer una gran foto de grup. Immortalitzant aix\u00ed els moments viscuts durant la setmana. Aquesta fotografia no nom\u00e9s serveix com a record per als infants, sin\u00f3 que tamb\u00e9 \u00e9s un s\u00edmbol de la uni\u00f3 i l&#8217;amistat que es forja al llarg de les setmanes del casal.<\/p>\n\n\n\n<h3 class=\"wp-block-heading\">Celebraci\u00f3 d&#8217;aniversaris<\/h3>\n\n\n\n<p>Despr\u00e9s de la fotografia grupal, tenim un ritual molt especial per celebrar els infants que han fet anys durant la setmana. Els fem entrega d\u2019una corona, i tot el Casal es reuneix per felicitar-los. Aquesta celebraci\u00f3 els fa sentir especials i reconeguts davant de tots els seus companys i monitors. \u00c9s un moment emotiu, ple d\u2019alegria i unitat, que refor\u00e7a els lla\u00e7os d\u2019amistat i fa que els infants es sentin protagonistes d\u2019una experi\u00e8ncia inoblidable.<\/p>\n\n\n\n<figure class=\"wp-block-image size-large\"><img loading=\"lazy\" decoding=\"async\" width=\"2560\" height=\"1440\" src=\"https:\/\/avipa.es\/wp-content\/uploads\/2024\/10\/CASAL_ESTIU_CELEBRACIO_ANIVERSARI_DIVENDRES_AVIPA_DIVERSIO_NENS_NENES-edited-scaled.jpg\" alt=\"Celebraci\u00f3 d'aniversaris\" class=\"wp-image-3277\" srcset=\"https:\/\/avipa.es\/wp-content\/uploads\/2024\/10\/CASAL_ESTIU_CELEBRACIO_ANIVERSARI_DIVENDRES_AVIPA_DIVERSIO_NENS_NENES-edited-scaled.jpg 2560w, https:\/\/avipa.es\/wp-content\/uploads\/2024\/10\/CASAL_ESTIU_CELEBRACIO_ANIVERSARI_DIVENDRES_AVIPA_DIVERSIO_NENS_NENES-edited-300x169.jpg 300w, https:\/\/avipa.es\/wp-content\/uploads\/2024\/10\/CASAL_ESTIU_CELEBRACIO_ANIVERSARI_DIVENDRES_AVIPA_DIVERSIO_NENS_NENES-edited-1024x576.jpg 1024w, https:\/\/avipa.es\/wp-content\/uploads\/2024\/10\/CASAL_ESTIU_CELEBRACIO_ANIVERSARI_DIVENDRES_AVIPA_DIVERSIO_NENS_NENES-edited-768x432.jpg 768w, https:\/\/avipa.es\/wp-content\/uploads\/2024\/10\/CASAL_ESTIU_CELEBRACIO_ANIVERSARI_DIVENDRES_AVIPA_DIVERSIO_NENS_NENES-edited-480x270.jpg 480w, https:\/\/avipa.es\/wp-content\/uploads\/2024\/10\/CASAL_ESTIU_CELEBRACIO_ANIVERSARI_DIVENDRES_AVIPA_DIVERSIO_NENS_NENES-edited-640x360.jpg 640w, https:\/\/avipa.es\/wp-content\/uploads\/2024\/10\/CASAL_ESTIU_CELEBRACIO_ANIVERSARI_DIVENDRES_AVIPA_DIVERSIO_NENS_NENES-edited-720x405.jpg 720w, https:\/\/avipa.es\/wp-content\/uploads\/2024\/10\/CASAL_ESTIU_CELEBRACIO_ANIVERSARI_DIVENDRES_AVIPA_DIVERSIO_NENS_NENES-edited-960x540.jpg 960w, https:\/\/avipa.es\/wp-content\/uploads\/2024\/10\/CASAL_ESTIU_CELEBRACIO_ANIVERSARI_DIVENDRES_AVIPA_DIVERSIO_NENS_NENES-edited-1168x657.jpg 1168w, https:\/\/avipa.es\/wp-content\/uploads\/2024\/10\/CASAL_ESTIU_CELEBRACIO_ANIVERSARI_DIVENDRES_AVIPA_DIVERSIO_NENS_NENES-edited-1440x810.jpg 1440w, https:\/\/avipa.es\/wp-content\/uploads\/2024\/10\/CASAL_ESTIU_CELEBRACIO_ANIVERSARI_DIVENDRES_AVIPA_DIVERSIO_NENS_NENES-edited-1920x1080.jpg 1920w, https:\/\/avipa.es\/wp-content\/uploads\/2024\/10\/CASAL_ESTIU_CELEBRACIO_ANIVERSARI_DIVENDRES_AVIPA_DIVERSIO_NENS_NENES-edited-1536x864.jpg 1536w, https:\/\/avipa.es\/wp-content\/uploads\/2024\/10\/CASAL_ESTIU_CELEBRACIO_ANIVERSARI_DIVENDRES_AVIPA_DIVERSIO_NENS_NENES-edited-2048x1152.jpg 2048w, https:\/\/avipa.es\/wp-content\/uploads\/2024\/10\/CASAL_ESTIU_CELEBRACIO_ANIVERSARI_DIVENDRES_AVIPA_DIVERSIO_NENS_NENES-edited-600x338.jpg 600w\" sizes=\"auto, (max-width: 2560px) 100vw, 2560px\" \/><\/figure>\n\n\n\n<p>Per \u00faltim, com tots els dies repartim el berenar a tots els participants. De forme especial els divendres de Casal substituim la fruita per un gelat refrescant per tancar la setmana. <\/p>\n\n\n\n<h3 class=\"wp-block-heading\">Resumint els divendres de Casal d&#8217;Estiu<\/h3>\n\n\n\n<p>Els divendres al Casal d\u2019Estiu Concepcionistes s\u00f3n un dia especial. Es combina la diversi\u00f3 de les activitats aqu\u00e0tiques amb moments \u00fanics de conviv\u00e8ncia, ball i amistat. La piscina, les activitats de migdia i el Ball de la Setmana formen part d&#8217;una jornada plena de diversi\u00f3, que deixa als infants amb la sensaci\u00f3 d&#8217;haver tancat la setmana de la millor manera possible.<\/p>\n\n\n\n<p>Aquestes experi\u00e8ncies ajuden els nens i nenes a desenvolupar-se, crear vincles amb els companys i companyes, i, sobretot, gaudir d\u2019un estiu inoblidable en un ambient segur i enriquidor. Els divendres s\u00f3n el moment perfecte per acomiadar la setmana amb alegria i entusiasme. Tots els nens i nenes acaben cansats per\u00f2 amb ganes de tornar a comen\u00e7ar la seg\u00fcent setmana amb m\u00e9s aventures per descobrir.<\/p>\n\n\n\n<h4 class=\"wp-block-heading\">Descobreix els altres dia de la setmana:<\/h4>\n\n\n\n<ul class=\"wp-block-list\">\n<li><a href=\"https:\/\/avipa.es\/ca\/dilluns-casal-estiu-concepcionistes-avipa-nens-nenes-infants-escola\/\">Dilluns<\/a><\/li>\n\n\n\n<li><a href=\"https:\/\/avipa.es\/ca\/dimarts-platja-casal-estiu-barcelona-nens-nenes-sorra-infants\/\">Dimarts<\/a><\/li>\n\n\n\n<li><a href=\"https:\/\/avipa.es\/ca\/dimecres-de-piscina-al-casal-destiu\/\">Dimecres<\/a><\/li>\n\n\n\n<li><a href=\"https:\/\/avipa.es\/ca\/dijous-nit-estels-casal-estiu-barcelona-concepcionistes-avipa-nens-nenes-infants-diversio\/\">Dijous <\/a><\/li>\n<\/ul>\n\n\n\n<p><\/p>\n","protected":false},"excerpt":{"rendered":"<p>Els divendres s\u00f3n el punt culminant de la setmana al Casal d\u2019Estiu Concepcionistes. Un dia ple de diversi\u00f3 i activitats especials que marquen el final de la setmana amb moments inoblidables. Despr\u00e9s de la nit d\u2019estels passada a l&#8217;escola, els infants desperten junts al pati, preparats per viure un nou dia d&#8217;aventures. Aquest \u00e9s un [&hellip;]<\/p>\n","protected":false},"author":10,"featured_media":3281,"comment_status":"closed","ping_status":"closed","sticky":false,"template":"","format":"standard","meta":{"footnotes":""},"categories":[186],"tags":[207,82,187,238,120,188,130,211,133,131,204],"class_list":["post-3274","post","type-post","status-publish","format-standard","has-post-thumbnail","hentry","category-casal-destiu","tag-ball","tag-barcelona-2","tag-casal","tag-divendres","tag-escola","tag-estiu","tag-infants","tag-mundet","tag-nenes","tag-nens","tag-piscina"],"yoast_head":"<!-- This site is optimized with the Yoast SEO plugin v27.4 - https:\/\/yoast.com\/product\/yoast-seo-wordpress\/ -->\n<title>Aix\u00ed s\u00f3n els divendres al Casal d\u2019Estiu Concepcionistes - AVIPA<\/title>\n<meta name=\"description\" content=\"&quot;Descobreix els divendres al Casal d\u2019Estiu Concepcionistes: un dia ple de diversi\u00f3 a la piscina, balls en grup i records inoblidables.&quot;\" \/>\n<meta name=\"robots\" content=\"index, follow, max-snippet:-1, max-image-preview:large, max-video-preview:-1\" \/>\n<link rel=\"canonical\" href=\"https:\/\/avipa.es\/ca\/divendres-casal-estiu-diversio-infants-nens-nenes-piscina-esmorzar-ball-setmana-els\/\" \/>\n<meta property=\"og:locale\" content=\"ca_ES\" \/>\n<meta property=\"og:type\" content=\"article\" \/>\n<meta property=\"og:title\" content=\"Aix\u00ed s\u00f3n els divendres al Casal d\u2019Estiu Concepcionistes - AVIPA\" \/>\n<meta property=\"og:description\" content=\"&quot;Descobreix els divendres al Casal d\u2019Estiu Concepcionistes: un dia ple de diversi\u00f3 a la piscina, balls en grup i records inoblidables.&quot;\" \/>\n<meta property=\"og:url\" content=\"https:\/\/avipa.es\/ca\/divendres-casal-estiu-diversio-infants-nens-nenes-piscina-esmorzar-ball-setmana-els\/\" \/>\n<meta property=\"og:site_name\" content=\"AVIPA\" \/>\n<meta property=\"article:published_time\" content=\"2024-10-14T08:26:14+00:00\" \/>\n<meta property=\"article:modified_time\" content=\"2024-10-14T09:02:46+00:00\" \/>\n<meta property=\"og:image\" content=\"https:\/\/avipa.es\/wp-content\/uploads\/2024\/10\/CASAL_ESTIU_BALL_DIVENDRES_AVIPA_DIVERSIO_NENS_NENES-edited-scaled.jpg\" \/>\n\t<meta property=\"og:image:width\" content=\"2560\" \/>\n\t<meta property=\"og:image:height\" content=\"1440\" \/>\n\t<meta property=\"og:image:type\" content=\"image\/jpeg\" \/>\n<meta name=\"author\" content=\"concepcionistas@avipa.es\" \/>\n<meta name=\"twitter:card\" content=\"summary_large_image\" \/>\n<meta name=\"twitter:label1\" content=\"Escrit per\" \/>\n\t<meta name=\"twitter:data1\" content=\"concepcionistas@avipa.es\" \/>\n\t<meta name=\"twitter:label2\" content=\"Temps estimat de lectura\" \/>\n\t<meta name=\"twitter:data2\" content=\"6 minuts\" \/>\n<script type=\"application\/ld+json\" class=\"yoast-schema-graph\">{\"@context\":\"https:\\\/\\\/schema.org\",\"@graph\":[{\"@type\":\"Article\",\"@id\":\"https:\\\/\\\/avipa.es\\\/ca\\\/divendres-casal-estiu-diversio-infants-nens-nenes-piscina-esmorzar-ball-setmana-els\\\/#article\",\"isPartOf\":{\"@id\":\"https:\\\/\\\/avipa.es\\\/ca\\\/divendres-casal-estiu-diversio-infants-nens-nenes-piscina-esmorzar-ball-setmana-els\\\/\"},\"author\":{\"name\":\"concepcionistas@avipa.es\",\"@id\":\"https:\\\/\\\/avipa.es\\\/ca\\\/#\\\/schema\\\/person\\\/ab29728ff0c31e22101bbda14a518e64\"},\"headline\":\"Aix\u00ed s\u00f3n els divendres al Casal d\u2019Estiu Concepcionistes\",\"datePublished\":\"2024-10-14T08:26:14+00:00\",\"dateModified\":\"2024-10-14T09:02:46+00:00\",\"mainEntityOfPage\":{\"@id\":\"https:\\\/\\\/avipa.es\\\/ca\\\/divendres-casal-estiu-diversio-infants-nens-nenes-piscina-esmorzar-ball-setmana-els\\\/\"},\"wordCount\":992,\"image\":{\"@id\":\"https:\\\/\\\/avipa.es\\\/ca\\\/divendres-casal-estiu-diversio-infants-nens-nenes-piscina-esmorzar-ball-setmana-els\\\/#primaryimage\"},\"thumbnailUrl\":\"https:\\\/\\\/avipa.es\\\/wp-content\\\/uploads\\\/2024\\\/10\\\/CASAL_ESTIU_BALL_DIVENDRES_AVIPA_DIVERSIO_NENS_NENES-edited-scaled.jpg\",\"keywords\":[\"ball\",\"barcelona\",\"casal\",\"divendres\",\"escola\",\"estiu\",\"infants\",\"mundet\",\"nenes\",\"nens\",\"Piscina\"],\"articleSection\":[\"Casal d'Estiu\"],\"inLanguage\":\"ca\"},{\"@type\":\"WebPage\",\"@id\":\"https:\\\/\\\/avipa.es\\\/ca\\\/divendres-casal-estiu-diversio-infants-nens-nenes-piscina-esmorzar-ball-setmana-els\\\/\",\"url\":\"https:\\\/\\\/avipa.es\\\/ca\\\/divendres-casal-estiu-diversio-infants-nens-nenes-piscina-esmorzar-ball-setmana-els\\\/\",\"name\":\"Aix\u00ed s\u00f3n els divendres al Casal d\u2019Estiu Concepcionistes - AVIPA\",\"isPartOf\":{\"@id\":\"https:\\\/\\\/avipa.es\\\/ca\\\/#website\"},\"primaryImageOfPage\":{\"@id\":\"https:\\\/\\\/avipa.es\\\/ca\\\/divendres-casal-estiu-diversio-infants-nens-nenes-piscina-esmorzar-ball-setmana-els\\\/#primaryimage\"},\"image\":{\"@id\":\"https:\\\/\\\/avipa.es\\\/ca\\\/divendres-casal-estiu-diversio-infants-nens-nenes-piscina-esmorzar-ball-setmana-els\\\/#primaryimage\"},\"thumbnailUrl\":\"https:\\\/\\\/avipa.es\\\/wp-content\\\/uploads\\\/2024\\\/10\\\/CASAL_ESTIU_BALL_DIVENDRES_AVIPA_DIVERSIO_NENS_NENES-edited-scaled.jpg\",\"datePublished\":\"2024-10-14T08:26:14+00:00\",\"dateModified\":\"2024-10-14T09:02:46+00:00\",\"author\":{\"@id\":\"https:\\\/\\\/avipa.es\\\/ca\\\/#\\\/schema\\\/person\\\/ab29728ff0c31e22101bbda14a518e64\"},\"description\":\"\\\"Descobreix els divendres al Casal d\u2019Estiu Concepcionistes: un dia ple de diversi\u00f3 a la piscina, balls en grup i records inoblidables.\\\"\",\"breadcrumb\":{\"@id\":\"https:\\\/\\\/avipa.es\\\/ca\\\/divendres-casal-estiu-diversio-infants-nens-nenes-piscina-esmorzar-ball-setmana-els\\\/#breadcrumb\"},\"inLanguage\":\"ca\",\"potentialAction\":[{\"@type\":\"ReadAction\",\"target\":[\"https:\\\/\\\/avipa.es\\\/ca\\\/divendres-casal-estiu-diversio-infants-nens-nenes-piscina-esmorzar-ball-setmana-els\\\/\"]}]},{\"@type\":\"ImageObject\",\"inLanguage\":\"ca\",\"@id\":\"https:\\\/\\\/avipa.es\\\/ca\\\/divendres-casal-estiu-diversio-infants-nens-nenes-piscina-esmorzar-ball-setmana-els\\\/#primaryimage\",\"url\":\"https:\\\/\\\/avipa.es\\\/wp-content\\\/uploads\\\/2024\\\/10\\\/CASAL_ESTIU_BALL_DIVENDRES_AVIPA_DIVERSIO_NENS_NENES-edited-scaled.jpg\",\"contentUrl\":\"https:\\\/\\\/avipa.es\\\/wp-content\\\/uploads\\\/2024\\\/10\\\/CASAL_ESTIU_BALL_DIVENDRES_AVIPA_DIVERSIO_NENS_NENES-edited-scaled.jpg\",\"width\":2560,\"height\":1440},{\"@type\":\"BreadcrumbList\",\"@id\":\"https:\\\/\\\/avipa.es\\\/ca\\\/divendres-casal-estiu-diversio-infants-nens-nenes-piscina-esmorzar-ball-setmana-els\\\/#breadcrumb\",\"itemListElement\":[{\"@type\":\"ListItem\",\"position\":1,\"name\":\"Portada\",\"item\":\"https:\\\/\\\/avipa.es\\\/ca\\\/\"},{\"@type\":\"ListItem\",\"position\":2,\"name\":\"Aix\u00ed s\u00f3n els divendres al Casal d\u2019Estiu Concepcionistes\"}]},{\"@type\":\"WebSite\",\"@id\":\"https:\\\/\\\/avipa.es\\\/ca\\\/#website\",\"url\":\"https:\\\/\\\/avipa.es\\\/ca\\\/\",\"name\":\"AVIPA\",\"description\":\"Actividades extraescolares para ni\u00f1os\",\"potentialAction\":[{\"@type\":\"SearchAction\",\"target\":{\"@type\":\"EntryPoint\",\"urlTemplate\":\"https:\\\/\\\/avipa.es\\\/ca\\\/?s={search_term_string}\"},\"query-input\":{\"@type\":\"PropertyValueSpecification\",\"valueRequired\":true,\"valueName\":\"search_term_string\"}}],\"inLanguage\":\"ca\"},{\"@type\":\"Person\",\"@id\":\"https:\\\/\\\/avipa.es\\\/ca\\\/#\\\/schema\\\/person\\\/ab29728ff0c31e22101bbda14a518e64\",\"name\":\"concepcionistas@avipa.es\",\"image\":{\"@type\":\"ImageObject\",\"inLanguage\":\"ca\",\"@id\":\"https:\\\/\\\/secure.gravatar.com\\\/avatar\\\/56fe679a65aa3b0be8bf49ae29db0a9fb99725ef97344f2e7952fc862256c5ba?s=96&d=mm&r=g\",\"url\":\"https:\\\/\\\/secure.gravatar.com\\\/avatar\\\/56fe679a65aa3b0be8bf49ae29db0a9fb99725ef97344f2e7952fc862256c5ba?s=96&d=mm&r=g\",\"contentUrl\":\"https:\\\/\\\/secure.gravatar.com\\\/avatar\\\/56fe679a65aa3b0be8bf49ae29db0a9fb99725ef97344f2e7952fc862256c5ba?s=96&d=mm&r=g\",\"caption\":\"concepcionistas@avipa.es\"},\"url\":\"https:\\\/\\\/avipa.es\\\/ca\\\/author\\\/concepcionistasavipa-es\\\/\"}]}<\/script>\n<!-- \/ Yoast SEO plugin. -->","yoast_head_json":{"title":"Aix\u00ed s\u00f3n els divendres al Casal d\u2019Estiu Concepcionistes - AVIPA","description":"\"Descobreix els divendres al Casal d\u2019Estiu Concepcionistes: un dia ple de diversi\u00f3 a la piscina, balls en grup i records inoblidables.\"","robots":{"index":"index","follow":"follow","max-snippet":"max-snippet:-1","max-image-preview":"max-image-preview:large","max-video-preview":"max-video-preview:-1"},"canonical":"https:\/\/avipa.es\/ca\/divendres-casal-estiu-diversio-infants-nens-nenes-piscina-esmorzar-ball-setmana-els\/","og_locale":"ca_ES","og_type":"article","og_title":"Aix\u00ed s\u00f3n els divendres al Casal d\u2019Estiu Concepcionistes - AVIPA","og_description":"\"Descobreix els divendres al Casal d\u2019Estiu Concepcionistes: un dia ple de diversi\u00f3 a la piscina, balls en grup i records inoblidables.\"","og_url":"https:\/\/avipa.es\/ca\/divendres-casal-estiu-diversio-infants-nens-nenes-piscina-esmorzar-ball-setmana-els\/","og_site_name":"AVIPA","article_published_time":"2024-10-14T08:26:14+00:00","article_modified_time":"2024-10-14T09:02:46+00:00","og_image":[{"width":2560,"height":1440,"url":"https:\/\/avipa.es\/wp-content\/uploads\/2024\/10\/CASAL_ESTIU_BALL_DIVENDRES_AVIPA_DIVERSIO_NENS_NENES-edited-scaled.jpg","type":"image\/jpeg"}],"author":"concepcionistas@avipa.es","twitter_card":"summary_large_image","twitter_misc":{"Escrit per":"concepcionistas@avipa.es","Temps estimat de lectura":"6 minuts"},"schema":{"@context":"https:\/\/schema.org","@graph":[{"@type":"Article","@id":"https:\/\/avipa.es\/ca\/divendres-casal-estiu-diversio-infants-nens-nenes-piscina-esmorzar-ball-setmana-els\/#article","isPartOf":{"@id":"https:\/\/avipa.es\/ca\/divendres-casal-estiu-diversio-infants-nens-nenes-piscina-esmorzar-ball-setmana-els\/"},"author":{"name":"concepcionistas@avipa.es","@id":"https:\/\/avipa.es\/ca\/#\/schema\/person\/ab29728ff0c31e22101bbda14a518e64"},"headline":"Aix\u00ed s\u00f3n els divendres al Casal d\u2019Estiu Concepcionistes","datePublished":"2024-10-14T08:26:14+00:00","dateModified":"2024-10-14T09:02:46+00:00","mainEntityOfPage":{"@id":"https:\/\/avipa.es\/ca\/divendres-casal-estiu-diversio-infants-nens-nenes-piscina-esmorzar-ball-setmana-els\/"},"wordCount":992,"image":{"@id":"https:\/\/avipa.es\/ca\/divendres-casal-estiu-diversio-infants-nens-nenes-piscina-esmorzar-ball-setmana-els\/#primaryimage"},"thumbnailUrl":"https:\/\/avipa.es\/wp-content\/uploads\/2024\/10\/CASAL_ESTIU_BALL_DIVENDRES_AVIPA_DIVERSIO_NENS_NENES-edited-scaled.jpg","keywords":["ball","barcelona","casal","divendres","escola","estiu","infants","mundet","nenes","nens","Piscina"],"articleSection":["Casal d'Estiu"],"inLanguage":"ca"},{"@type":"WebPage","@id":"https:\/\/avipa.es\/ca\/divendres-casal-estiu-diversio-infants-nens-nenes-piscina-esmorzar-ball-setmana-els\/","url":"https:\/\/avipa.es\/ca\/divendres-casal-estiu-diversio-infants-nens-nenes-piscina-esmorzar-ball-setmana-els\/","name":"Aix\u00ed s\u00f3n els divendres al Casal d\u2019Estiu Concepcionistes - AVIPA","isPartOf":{"@id":"https:\/\/avipa.es\/ca\/#website"},"primaryImageOfPage":{"@id":"https:\/\/avipa.es\/ca\/divendres-casal-estiu-diversio-infants-nens-nenes-piscina-esmorzar-ball-setmana-els\/#primaryimage"},"image":{"@id":"https:\/\/avipa.es\/ca\/divendres-casal-estiu-diversio-infants-nens-nenes-piscina-esmorzar-ball-setmana-els\/#primaryimage"},"thumbnailUrl":"https:\/\/avipa.es\/wp-content\/uploads\/2024\/10\/CASAL_ESTIU_BALL_DIVENDRES_AVIPA_DIVERSIO_NENS_NENES-edited-scaled.jpg","datePublished":"2024-10-14T08:26:14+00:00","dateModified":"2024-10-14T09:02:46+00:00","author":{"@id":"https:\/\/avipa.es\/ca\/#\/schema\/person\/ab29728ff0c31e22101bbda14a518e64"},"description":"\"Descobreix els divendres al Casal d\u2019Estiu Concepcionistes: un dia ple de diversi\u00f3 a la piscina, balls en grup i records inoblidables.\"","breadcrumb":{"@id":"https:\/\/avipa.es\/ca\/divendres-casal-estiu-diversio-infants-nens-nenes-piscina-esmorzar-ball-setmana-els\/#breadcrumb"},"inLanguage":"ca","potentialAction":[{"@type":"ReadAction","target":["https:\/\/avipa.es\/ca\/divendres-casal-estiu-diversio-infants-nens-nenes-piscina-esmorzar-ball-setmana-els\/"]}]},{"@type":"ImageObject","inLanguage":"ca","@id":"https:\/\/avipa.es\/ca\/divendres-casal-estiu-diversio-infants-nens-nenes-piscina-esmorzar-ball-setmana-els\/#primaryimage","url":"https:\/\/avipa.es\/wp-content\/uploads\/2024\/10\/CASAL_ESTIU_BALL_DIVENDRES_AVIPA_DIVERSIO_NENS_NENES-edited-scaled.jpg","contentUrl":"https:\/\/avipa.es\/wp-content\/uploads\/2024\/10\/CASAL_ESTIU_BALL_DIVENDRES_AVIPA_DIVERSIO_NENS_NENES-edited-scaled.jpg","width":2560,"height":1440},{"@type":"BreadcrumbList","@id":"https:\/\/avipa.es\/ca\/divendres-casal-estiu-diversio-infants-nens-nenes-piscina-esmorzar-ball-setmana-els\/#breadcrumb","itemListElement":[{"@type":"ListItem","position":1,"name":"Portada","item":"https:\/\/avipa.es\/ca\/"},{"@type":"ListItem","position":2,"name":"Aix\u00ed s\u00f3n els divendres al Casal d\u2019Estiu Concepcionistes"}]},{"@type":"WebSite","@id":"https:\/\/avipa.es\/ca\/#website","url":"https:\/\/avipa.es\/ca\/","name":"AVIPA","description":"Actividades extraescolares para ni\u00f1os","potentialAction":[{"@type":"SearchAction","target":{"@type":"EntryPoint","urlTemplate":"https:\/\/avipa.es\/ca\/?s={search_term_string}"},"query-input":{"@type":"PropertyValueSpecification","valueRequired":true,"valueName":"search_term_string"}}],"inLanguage":"ca"},{"@type":"Person","@id":"https:\/\/avipa.es\/ca\/#\/schema\/person\/ab29728ff0c31e22101bbda14a518e64","name":"concepcionistas@avipa.es","image":{"@type":"ImageObject","inLanguage":"ca","@id":"https:\/\/secure.gravatar.com\/avatar\/56fe679a65aa3b0be8bf49ae29db0a9fb99725ef97344f2e7952fc862256c5ba?s=96&d=mm&r=g","url":"https:\/\/secure.gravatar.com\/avatar\/56fe679a65aa3b0be8bf49ae29db0a9fb99725ef97344f2e7952fc862256c5ba?s=96&d=mm&r=g","contentUrl":"https:\/\/secure.gravatar.com\/avatar\/56fe679a65aa3b0be8bf49ae29db0a9fb99725ef97344f2e7952fc862256c5ba?s=96&d=mm&r=g","caption":"concepcionistas@avipa.es"},"url":"https:\/\/avipa.es\/ca\/author\/concepcionistasavipa-es\/"}]}},"meta_box":[],"_links":{"self":[{"href":"https:\/\/avipa.es\/ca\/wp-json\/wp\/v2\/posts\/3274","targetHints":{"allow":["GET"]}}],"collection":[{"href":"https:\/\/avipa.es\/ca\/wp-json\/wp\/v2\/posts"}],"about":[{"href":"https:\/\/avipa.es\/ca\/wp-json\/wp\/v2\/types\/post"}],"author":[{"embeddable":true,"href":"https:\/\/avipa.es\/ca\/wp-json\/wp\/v2\/users\/10"}],"replies":[{"embeddable":true,"href":"https:\/\/avipa.es\/ca\/wp-json\/wp\/v2\/comments?post=3274"}],"version-history":[{"count":3,"href":"https:\/\/avipa.es\/ca\/wp-json\/wp\/v2\/posts\/3274\/revisions"}],"predecessor-version":[{"id":3295,"href":"https:\/\/avipa.es\/ca\/wp-json\/wp\/v2\/posts\/3274\/revisions\/3295"}],"wp:featuredmedia":[{"embeddable":true,"href":"https:\/\/avipa.es\/ca\/wp-json\/wp\/v2\/media\/3281"}],"wp:attachment":[{"href":"https:\/\/avipa.es\/ca\/wp-json\/wp\/v2\/media?parent=3274"}],"wp:term":[{"taxonomy":"category","embeddable":true,"href":"https:\/\/avipa.es\/ca\/wp-json\/wp\/v2\/categories?post=3274"},{"taxonomy":"post_tag","embeddable":true,"href":"https:\/\/avipa.es\/ca\/wp-json\/wp\/v2\/tags?post=3274"}],"curies":[{"name":"wp","href":"https:\/\/api.w.org\/{rel}","templated":true}]}}