{"id":3343,"date":"2024-10-15T11:52:10","date_gmt":"2024-10-15T09:52:10","guid":{"rendered":"https:\/\/avipa.es\/?p=3343"},"modified":"2024-10-15T11:55:47","modified_gmt":"2024-10-15T09:55:47","slug":"casal-estiu-concepcionistes-aventura-diversio-nens-nenes-infants-adolescents","status":"publish","type":"post","link":"https:\/\/avipa.es\/ca\/casal-estiu-concepcionistes-aventura-diversio-nens-nenes-infants-adolescents\/","title":{"rendered":"Casal d\u2019Estiu Concepcionistes: Un Estiu de Diversi\u00f3 i Aprenentatge"},"content":{"rendered":"\n<p><strong>Un Casal per a Tots els P\u00fablics<\/strong><br>Al Casal d\u2019Estiu Concepcionistes, infants i adolescents viuen setmanes plenes d\u2019activitats que els fan gaudir, cr\u00e9ixer i aprendre. Tant els m\u00e9s petits com els alumnes de l&#8217;ESO troben un entorn adaptat a les seves necessitats i edats, amb activitats emocionants que fomenten la creativitat, l&#8217;esport i el treball en equip.<\/p>\n\n\n\n<h3 class=\"wp-block-heading\">Casal d\u2019Estiu d&#8217;Infantil i Prim\u00e0ria<\/h3>\n\n\n\n<p>El Casal per als alumnes d\u2019Infantil i Prim\u00e0ria segueix una estructura on cada dia es diferencia per la seva activitat estrella. Aquesta variaci\u00f3 setmanal fa que els nens i nenes visquin noves experi\u00e8ncies cont\u00ednuament:<\/p>\n\n\n\n<h4 class=\"wp-block-heading\"><strong><a href=\"https:\/\/avipa.es\/ca\/dilluns-casal-estiu-concepcionistes-avipa-nens-nenes-infants-escola\/\">Dilluns: Guerra d&#8217;Aigua, Jocs Cooperatius i Activitats Din\u00e0miques<\/a><\/strong><\/h4>\n\n\n\n<p>El primer dia de la setmana arrenca amb for\u00e7a, oferint activitats en grup que afavoreixen la cooperaci\u00f3, el treball en equip i la diversi\u00f3. L&#8217;activitat de la gimcana d&#8217;aigua, omple el mat\u00ed de diversi\u00f3 i frescor. Combinar els jocs aqu\u00e0tics amb din\u00e0miques esportives s\u00f3n ideals per comen\u00e7ar el casal amb energia.<\/p>\n\n\n\n<h4 class=\"wp-block-heading\"><strong><a href=\"https:\/\/avipa.es\/ca\/dimarts-platja-casal-estiu-barcelona-nens-nenes-sorra-infants\/\">Dimarts: Dia de Platja<\/a><\/strong><\/h4>\n\n\n\n<p>El dimarts, tots els grups del casal, des d\u2019infantil fins a la ESO, fan una sortida conjunta a la platja. Aquest dia permet gaudir del mar, dels jocs de sorra i activitats aqu\u00e0tiques, convertint-se en un dels moments preferits de la setmana per molts dels infants.<\/p>\n\n\n\n<h4 class=\"wp-block-heading\"><strong><a href=\"https:\/\/avipa.es\/ca\/dimecres-de-piscina-al-casal-destiu\/\">Dimecres: Dia de Piscina <\/a><\/strong><\/h4>\n\n\n\n<p>El dimecres, es divideixen els infants en torns per poder gaudir de la piscina amb seguretat i tranquil\u00b7litat. Els grups m\u00e9s petits van a primera hora del mat\u00ed, mentre que els m\u00e9s grans aprofiten per fer una activitat a l&#8217;escola abans de fer l&#8217;activitat de piscina. Tothom gaudeix d\u2019un bany refrescant que els fa somriure i relaxar-se.<\/p>\n\n\n\n<h4 class=\"wp-block-heading\"><strong><a href=\"https:\/\/avipa.es\/ca\/dijous-nit-estels-casal-estiu-barcelona-concepcionistes-avipa-nens-nenes-infants-diversio\/\">Dijous: Nit d&#8217;estels<\/a><\/strong><\/h4>\n\n\n\n<p>Els dijous arranquen amb excursions al voltant de l\u2019escola. Espais com el parc del Putxet, el parc Monterols, el Brusi o la biblioteca Jaume Fuster ofereixen una alternativa educativa i l\u00fadica. Els nens poden jugar, descobrir nous espais naturals o gaudir d\u2019una lectura a l\u2019aire lliure. A la tarda, realitzem una de les activitats m\u00e9s esperades del Casal que \u00e9s la famosa guerra d&#8217;aigua. Per\u00f2, l&#8217;element diferencial i m\u00e9s especial del dia \u00e9s la nit d&#8217;estels, els infants es queden a dormir a l&#8217;escola, previament sopen pizza i gaudeixen de l&#8217;MP show abans d&#8217;anar a dormir. <\/p>\n\n\n\n<h4 class=\"wp-block-heading\"><strong><a href=\"https:\/\/avipa.es\/ca\/divendres-casal-estiu-diversio-infants-nens-nenes-piscina-esmorzar-ball-setmana-els\/\">Divendres: Piscina i Ball Setmanal<\/a><\/strong><\/h4>\n\n\n\n<p>El divendres \u00e9s un altre dels dies m\u00e9s destacats. Els infants tornen a la piscina, gaudint una vegada m\u00e9s de jocs aqu\u00e0tics i moments refrescants. A la tarda, el casal es tanca amb una festa setmanal on tots ballen junts, creant un ambient d\u2019unitat i alegria. A m\u00e9s, es fa la tradicional fotografia grupal, i es feliciten els aniversaris de la setmana amb la coronaci\u00f3 dels infants que fan anys, fent-los sentir especials i protagonistes.<\/p>\n\n\n\n<figure class=\"wp-block-gallery has-nested-images columns-default is-cropped wp-block-gallery-1 is-layout-flex wp-block-gallery-is-layout-flex\">\n<figure class=\"wp-block-image size-large\"><img loading=\"lazy\" decoding=\"async\" width=\"768\" height=\"1024\" data-id=\"3346\" src=\"https:\/\/avipa.es\/wp-content\/uploads\/2024\/10\/CASAL_ESTIU_CELEBRACIO_PARC_AVIPA_DIVERSIO_NENS_NENES-768x1024.jpg\" alt=\"Casal d\u2019Estiu Concepcionistes\" class=\"wp-image-3346\" srcset=\"https:\/\/avipa.es\/wp-content\/uploads\/2024\/10\/CASAL_ESTIU_CELEBRACIO_PARC_AVIPA_DIVERSIO_NENS_NENES-768x1024.jpg 768w, https:\/\/avipa.es\/wp-content\/uploads\/2024\/10\/CASAL_ESTIU_CELEBRACIO_PARC_AVIPA_DIVERSIO_NENS_NENES-225x300.jpg 225w, https:\/\/avipa.es\/wp-content\/uploads\/2024\/10\/CASAL_ESTIU_CELEBRACIO_PARC_AVIPA_DIVERSIO_NENS_NENES-480x640.jpg 480w, https:\/\/avipa.es\/wp-content\/uploads\/2024\/10\/CASAL_ESTIU_CELEBRACIO_PARC_AVIPA_DIVERSIO_NENS_NENES-640x853.jpg 640w, https:\/\/avipa.es\/wp-content\/uploads\/2024\/10\/CASAL_ESTIU_CELEBRACIO_PARC_AVIPA_DIVERSIO_NENS_NENES-720x960.jpg 720w, https:\/\/avipa.es\/wp-content\/uploads\/2024\/10\/CASAL_ESTIU_CELEBRACIO_PARC_AVIPA_DIVERSIO_NENS_NENES-960x1280.jpg 960w, https:\/\/avipa.es\/wp-content\/uploads\/2024\/10\/CASAL_ESTIU_CELEBRACIO_PARC_AVIPA_DIVERSIO_NENS_NENES-1168x1557.jpg 1168w, https:\/\/avipa.es\/wp-content\/uploads\/2024\/10\/CASAL_ESTIU_CELEBRACIO_PARC_AVIPA_DIVERSIO_NENS_NENES-1440x1920.jpg 1440w, https:\/\/avipa.es\/wp-content\/uploads\/2024\/10\/CASAL_ESTIU_CELEBRACIO_PARC_AVIPA_DIVERSIO_NENS_NENES-scaled.jpg 1920w, https:\/\/avipa.es\/wp-content\/uploads\/2024\/10\/CASAL_ESTIU_CELEBRACIO_PARC_AVIPA_DIVERSIO_NENS_NENES-1152x1536.jpg 1152w, https:\/\/avipa.es\/wp-content\/uploads\/2024\/10\/CASAL_ESTIU_CELEBRACIO_PARC_AVIPA_DIVERSIO_NENS_NENES-1536x2048.jpg 1536w, https:\/\/avipa.es\/wp-content\/uploads\/2024\/10\/CASAL_ESTIU_CELEBRACIO_PARC_AVIPA_DIVERSIO_NENS_NENES-600x800.jpg 600w\" sizes=\"auto, (max-width: 768px) 100vw, 768px\" \/><\/figure>\n\n\n\n<figure class=\"wp-block-image size-large\"><img loading=\"lazy\" decoding=\"async\" width=\"576\" height=\"1024\" data-id=\"3344\" src=\"https:\/\/avipa.es\/wp-content\/uploads\/2024\/10\/CASAL_ESTIU_CELEBRACIO_BALL_GOT_TALENT_AVIPA_DIVERSIO_NENS_NENES-576x1024.jpg\" alt=\"Got talent\" class=\"wp-image-3344\" srcset=\"https:\/\/avipa.es\/wp-content\/uploads\/2024\/10\/CASAL_ESTIU_CELEBRACIO_BALL_GOT_TALENT_AVIPA_DIVERSIO_NENS_NENES-576x1024.jpg 576w, https:\/\/avipa.es\/wp-content\/uploads\/2024\/10\/CASAL_ESTIU_CELEBRACIO_BALL_GOT_TALENT_AVIPA_DIVERSIO_NENS_NENES-169x300.jpg 169w, https:\/\/avipa.es\/wp-content\/uploads\/2024\/10\/CASAL_ESTIU_CELEBRACIO_BALL_GOT_TALENT_AVIPA_DIVERSIO_NENS_NENES-768x1365.jpg 768w, https:\/\/avipa.es\/wp-content\/uploads\/2024\/10\/CASAL_ESTIU_CELEBRACIO_BALL_GOT_TALENT_AVIPA_DIVERSIO_NENS_NENES-480x853.jpg 480w, https:\/\/avipa.es\/wp-content\/uploads\/2024\/10\/CASAL_ESTIU_CELEBRACIO_BALL_GOT_TALENT_AVIPA_DIVERSIO_NENS_NENES-640x1138.jpg 640w, https:\/\/avipa.es\/wp-content\/uploads\/2024\/10\/CASAL_ESTIU_CELEBRACIO_BALL_GOT_TALENT_AVIPA_DIVERSIO_NENS_NENES-720x1280.jpg 720w, https:\/\/avipa.es\/wp-content\/uploads\/2024\/10\/CASAL_ESTIU_CELEBRACIO_BALL_GOT_TALENT_AVIPA_DIVERSIO_NENS_NENES-960x1707.jpg 960w, https:\/\/avipa.es\/wp-content\/uploads\/2024\/10\/CASAL_ESTIU_CELEBRACIO_BALL_GOT_TALENT_AVIPA_DIVERSIO_NENS_NENES-1168x2076.jpg 1168w, https:\/\/avipa.es\/wp-content\/uploads\/2024\/10\/CASAL_ESTIU_CELEBRACIO_BALL_GOT_TALENT_AVIPA_DIVERSIO_NENS_NENES-scaled.jpg 1440w, https:\/\/avipa.es\/wp-content\/uploads\/2024\/10\/CASAL_ESTIU_CELEBRACIO_BALL_GOT_TALENT_AVIPA_DIVERSIO_NENS_NENES-1920x3413.jpg 1920w, https:\/\/avipa.es\/wp-content\/uploads\/2024\/10\/CASAL_ESTIU_CELEBRACIO_BALL_GOT_TALENT_AVIPA_DIVERSIO_NENS_NENES-864x1536.jpg 864w, https:\/\/avipa.es\/wp-content\/uploads\/2024\/10\/CASAL_ESTIU_CELEBRACIO_BALL_GOT_TALENT_AVIPA_DIVERSIO_NENS_NENES-1152x2048.jpg 1152w, https:\/\/avipa.es\/wp-content\/uploads\/2024\/10\/CASAL_ESTIU_CELEBRACIO_BALL_GOT_TALENT_AVIPA_DIVERSIO_NENS_NENES-600x1067.jpg 600w\" sizes=\"auto, (max-width: 576px) 100vw, 576px\" \/><\/figure>\n\n\n\n<figure class=\"wp-block-image size-large\"><img loading=\"lazy\" decoding=\"async\" width=\"768\" height=\"1024\" data-id=\"3348\" src=\"https:\/\/avipa.es\/wp-content\/uploads\/2024\/10\/CASAL_ESTIU_CELEBRACIO_BALL_ALUMNES_DIVENDRES_AVIPA_DIVERSIO_NENS_NENES-768x1024.jpg\" alt=\"Casal d\u2019Estiu Concepcionistes\" class=\"wp-image-3348\" srcset=\"https:\/\/avipa.es\/wp-content\/uploads\/2024\/10\/CASAL_ESTIU_CELEBRACIO_BALL_ALUMNES_DIVENDRES_AVIPA_DIVERSIO_NENS_NENES-768x1024.jpg 768w, https:\/\/avipa.es\/wp-content\/uploads\/2024\/10\/CASAL_ESTIU_CELEBRACIO_BALL_ALUMNES_DIVENDRES_AVIPA_DIVERSIO_NENS_NENES-225x300.jpg 225w, https:\/\/avipa.es\/wp-content\/uploads\/2024\/10\/CASAL_ESTIU_CELEBRACIO_BALL_ALUMNES_DIVENDRES_AVIPA_DIVERSIO_NENS_NENES-480x640.jpg 480w, https:\/\/avipa.es\/wp-content\/uploads\/2024\/10\/CASAL_ESTIU_CELEBRACIO_BALL_ALUMNES_DIVENDRES_AVIPA_DIVERSIO_NENS_NENES-640x853.jpg 640w, https:\/\/avipa.es\/wp-content\/uploads\/2024\/10\/CASAL_ESTIU_CELEBRACIO_BALL_ALUMNES_DIVENDRES_AVIPA_DIVERSIO_NENS_NENES-720x960.jpg 720w, https:\/\/avipa.es\/wp-content\/uploads\/2024\/10\/CASAL_ESTIU_CELEBRACIO_BALL_ALUMNES_DIVENDRES_AVIPA_DIVERSIO_NENS_NENES-960x1280.jpg 960w, https:\/\/avipa.es\/wp-content\/uploads\/2024\/10\/CASAL_ESTIU_CELEBRACIO_BALL_ALUMNES_DIVENDRES_AVIPA_DIVERSIO_NENS_NENES-1168x1557.jpg 1168w, https:\/\/avipa.es\/wp-content\/uploads\/2024\/10\/CASAL_ESTIU_CELEBRACIO_BALL_ALUMNES_DIVENDRES_AVIPA_DIVERSIO_NENS_NENES-1440x1920.jpg 1440w, https:\/\/avipa.es\/wp-content\/uploads\/2024\/10\/CASAL_ESTIU_CELEBRACIO_BALL_ALUMNES_DIVENDRES_AVIPA_DIVERSIO_NENS_NENES-scaled.jpg 1920w, https:\/\/avipa.es\/wp-content\/uploads\/2024\/10\/CASAL_ESTIU_CELEBRACIO_BALL_ALUMNES_DIVENDRES_AVIPA_DIVERSIO_NENS_NENES-1152x1536.jpg 1152w, https:\/\/avipa.es\/wp-content\/uploads\/2024\/10\/CASAL_ESTIU_CELEBRACIO_BALL_ALUMNES_DIVENDRES_AVIPA_DIVERSIO_NENS_NENES-1536x2048.jpg 1536w, https:\/\/avipa.es\/wp-content\/uploads\/2024\/10\/CASAL_ESTIU_CELEBRACIO_BALL_ALUMNES_DIVENDRES_AVIPA_DIVERSIO_NENS_NENES-600x800.jpg 600w\" sizes=\"auto, (max-width: 768px) 100vw, 768px\" \/><\/figure>\n<\/figure>\n\n\n\n<h3 class=\"wp-block-heading\">Casal de la ESO: Aventura i Adrenalina<\/h3>\n\n\n\n<p><strong><a href=\"https:\/\/avipa.es\/ca\/casal-d-estiu-per-a-eso-aventura-diferent-una\/\">El Casal de l\u2019ESO<\/a><\/strong> ofereix als adolescents una experi\u00e8ncia diferent, pensada perqu\u00e8 desconnectin i visquin aventures plenes d\u2019emoci\u00f3. Les activitats es realitzen fora de l\u2019escola, oferint una major independ\u00e8ncia i diversi\u00f3 adaptada a les seves edats.<\/p>\n\n\n\n<h4 class=\"wp-block-heading\"><strong>Dilluns: Inici a Tot Gas<\/strong><\/h4>\n\n\n\n<p>El dilluns \u00e9s un dia per comen\u00e7ar amb adrenalina. Els adolescents poden viure experi\u00e8ncies plenes d\u2019acci\u00f3, com el <strong>skate park<\/strong>, <strong>paddle surf<\/strong>, <strong>minilandia<\/strong> amb activitats com karts i minigolf, o un dia de <strong>salting<\/strong>. Aquestes activitats ajuden els joves a interactuar i divertir-se fora de l\u2019entorn escolar.<\/p>\n\n\n\n<h4 class=\"wp-block-heading\"><strong>Dimarts: Dia de Platja amb Tot el Casal<\/strong><\/h4>\n\n\n\n<p>Com en el Casal d\u2019Infantil i Prim\u00e0ria, els alumnes d\u2019ESO tamb\u00e9 gaudeixen del dimarts de platja. Aquest dia \u00e9s una oportunitat per a ells de compartir moments amb els m\u00e9s petits, creant vincles entre tots els participants del casal mentre gaudeixen de la sorra i el mar.<\/p>\n\n\n\n<h4 class=\"wp-block-heading\"><strong>Dimecres: M\u00e9s Activitats F\u00edsiques<\/strong><\/h4>\n\n\n\n<p>Els dimecres es dediquen a activitats f\u00edsiques m\u00e9s mogudes, com el <strong>salting<\/strong>, el <strong>wipeout<\/strong>, <strong>tornejos de v\u00f2lei<\/strong> o sessions de <strong>paddle surf<\/strong>, on els adolescents poden desafiar-se a si mateixos en un ambient relaxat per\u00f2 competitiu. L\u2019equilibri entre l\u2019activitat f\u00edsica i la diversi\u00f3 es mant\u00e9 durant tota la setmana<\/p>\n\n\n\n<h4 class=\"wp-block-heading\"><strong>Dijous: El Dia M\u00e9s Esperat<\/strong><\/h4>\n\n\n\n<p>Sense cap dubte, el dijous \u00e9s el dia m\u00e9s esperat. Cada setmana es fa una excursi\u00f3 especial al <strong>Tibidabo<\/strong> o a <strong>Illa Fantasia<\/strong>, dues destinacions plenes d\u2019emoci\u00f3 i diversi\u00f3. A m\u00e9s, la jornada es tanca amb la famosa &#8220;Nit d\u2019Estels&#8221;, una nit de conviv\u00e8ncia a l\u2019escola amb sopar de pizza, discoteca i dormir sota les estrelles al pati.<\/p>\n\n\n\n<h4 class=\"wp-block-heading\"><strong>Divendres: Activitats de Tancament<\/strong><\/h4>\n\n\n\n<p>El divendres, els joves es desperten a l\u2019escola i participen en activitats alternades com el <strong>laser tag<\/strong> o una visita a la <strong><a href=\"https:\/\/ilusiona.com\/splau\/\">bolera<\/a><\/strong>, depenent de la setmana. Aquest \u00e9s el dia per tancar la setmana amb amistat i diversi\u00f3 abans de dir ad\u00e9u al casal fins al dilluns seg\u00fcent.<\/p>\n\n\n\n<figure class=\"wp-block-gallery has-nested-images columns-default is-cropped wp-block-gallery-2 is-layout-flex wp-block-gallery-is-layout-flex\">\n<figure class=\"wp-block-image size-large\"><img loading=\"lazy\" decoding=\"async\" width=\"639\" height=\"1024\" data-id=\"3331\" src=\"https:\/\/avipa.es\/wp-content\/uploads\/2024\/10\/CASAL_ESTIU_ESO_KARTS_AVIPA_DIVERSIO_NENS_NENES-1-639x1024.jpeg\" alt=\"Casal d\u2019Estiu Concepcionistes\" class=\"wp-image-3331\" srcset=\"https:\/\/avipa.es\/wp-content\/uploads\/2024\/10\/CASAL_ESTIU_ESO_KARTS_AVIPA_DIVERSIO_NENS_NENES-1-639x1024.jpeg 639w, https:\/\/avipa.es\/wp-content\/uploads\/2024\/10\/CASAL_ESTIU_ESO_KARTS_AVIPA_DIVERSIO_NENS_NENES-1-187x300.jpeg 187w, https:\/\/avipa.es\/wp-content\/uploads\/2024\/10\/CASAL_ESTIU_ESO_KARTS_AVIPA_DIVERSIO_NENS_NENES-1-768x1231.jpeg 768w, https:\/\/avipa.es\/wp-content\/uploads\/2024\/10\/CASAL_ESTIU_ESO_KARTS_AVIPA_DIVERSIO_NENS_NENES-1-480x770.jpeg 480w, https:\/\/avipa.es\/wp-content\/uploads\/2024\/10\/CASAL_ESTIU_ESO_KARTS_AVIPA_DIVERSIO_NENS_NENES-1-640x1026.jpeg 640w, https:\/\/avipa.es\/wp-content\/uploads\/2024\/10\/CASAL_ESTIU_ESO_KARTS_AVIPA_DIVERSIO_NENS_NENES-1-720x1154.jpeg 720w, https:\/\/avipa.es\/wp-content\/uploads\/2024\/10\/CASAL_ESTIU_ESO_KARTS_AVIPA_DIVERSIO_NENS_NENES-1-960x1539.jpeg 960w, https:\/\/avipa.es\/wp-content\/uploads\/2024\/10\/CASAL_ESTIU_ESO_KARTS_AVIPA_DIVERSIO_NENS_NENES-1-1168x1873.jpeg 1168w, https:\/\/avipa.es\/wp-content\/uploads\/2024\/10\/CASAL_ESTIU_ESO_KARTS_AVIPA_DIVERSIO_NENS_NENES-1-958x1536.jpeg 958w, https:\/\/avipa.es\/wp-content\/uploads\/2024\/10\/CASAL_ESTIU_ESO_KARTS_AVIPA_DIVERSIO_NENS_NENES-1-600x962.jpeg 600w, https:\/\/avipa.es\/wp-content\/uploads\/2024\/10\/CASAL_ESTIU_ESO_KARTS_AVIPA_DIVERSIO_NENS_NENES-1.jpeg 1278w\" sizes=\"auto, (max-width: 639px) 100vw, 639px\" \/><\/figure>\n\n\n\n<figure class=\"wp-block-image size-large\"><img loading=\"lazy\" decoding=\"async\" width=\"632\" height=\"1024\" data-id=\"3315\" src=\"https:\/\/avipa.es\/wp-content\/uploads\/2024\/10\/CASAL_ESTIU_ESO_ILLAFANTASIA_AVIPA_DIVERSIO_NENS_NENES_ADOLESCENTS-632x1024.jpeg\" alt=\"Casal d\u2019Estiu Concepcionistes\" class=\"wp-image-3315\" srcset=\"https:\/\/avipa.es\/wp-content\/uploads\/2024\/10\/CASAL_ESTIU_ESO_ILLAFANTASIA_AVIPA_DIVERSIO_NENS_NENES_ADOLESCENTS-632x1024.jpeg 632w, https:\/\/avipa.es\/wp-content\/uploads\/2024\/10\/CASAL_ESTIU_ESO_ILLAFANTASIA_AVIPA_DIVERSIO_NENS_NENES_ADOLESCENTS-185x300.jpeg 185w, https:\/\/avipa.es\/wp-content\/uploads\/2024\/10\/CASAL_ESTIU_ESO_ILLAFANTASIA_AVIPA_DIVERSIO_NENS_NENES_ADOLESCENTS-768x1244.jpeg 768w, https:\/\/avipa.es\/wp-content\/uploads\/2024\/10\/CASAL_ESTIU_ESO_ILLAFANTASIA_AVIPA_DIVERSIO_NENS_NENES_ADOLESCENTS-480x777.jpeg 480w, https:\/\/avipa.es\/wp-content\/uploads\/2024\/10\/CASAL_ESTIU_ESO_ILLAFANTASIA_AVIPA_DIVERSIO_NENS_NENES_ADOLESCENTS-640x1037.jpeg 640w, https:\/\/avipa.es\/wp-content\/uploads\/2024\/10\/CASAL_ESTIU_ESO_ILLAFANTASIA_AVIPA_DIVERSIO_NENS_NENES_ADOLESCENTS-720x1166.jpeg 720w, https:\/\/avipa.es\/wp-content\/uploads\/2024\/10\/CASAL_ESTIU_ESO_ILLAFANTASIA_AVIPA_DIVERSIO_NENS_NENES_ADOLESCENTS-960x1555.jpeg 960w, https:\/\/avipa.es\/wp-content\/uploads\/2024\/10\/CASAL_ESTIU_ESO_ILLAFANTASIA_AVIPA_DIVERSIO_NENS_NENES_ADOLESCENTS-1168x1892.jpeg 1168w, https:\/\/avipa.es\/wp-content\/uploads\/2024\/10\/CASAL_ESTIU_ESO_ILLAFANTASIA_AVIPA_DIVERSIO_NENS_NENES_ADOLESCENTS-948x1536.jpeg 948w, https:\/\/avipa.es\/wp-content\/uploads\/2024\/10\/CASAL_ESTIU_ESO_ILLAFANTASIA_AVIPA_DIVERSIO_NENS_NENES_ADOLESCENTS-600x972.jpeg 600w, https:\/\/avipa.es\/wp-content\/uploads\/2024\/10\/CASAL_ESTIU_ESO_ILLAFANTASIA_AVIPA_DIVERSIO_NENS_NENES_ADOLESCENTS.jpeg 1265w\" sizes=\"auto, (max-width: 632px) 100vw, 632px\" \/><\/figure>\n\n\n\n<figure class=\"wp-block-image size-large\"><img loading=\"lazy\" decoding=\"async\" width=\"768\" height=\"1024\" data-id=\"3313\" src=\"https:\/\/avipa.es\/wp-content\/uploads\/2024\/10\/CASAL_ESTIU_ESO_LASERTAG_AVIPA_DIVERSIO_NENS_NENES-768x1024.jpeg\" alt=\"Casal d\u2019Estiu Concepcionistes\" class=\"wp-image-3313\" srcset=\"https:\/\/avipa.es\/wp-content\/uploads\/2024\/10\/CASAL_ESTIU_ESO_LASERTAG_AVIPA_DIVERSIO_NENS_NENES-768x1024.jpeg 768w, https:\/\/avipa.es\/wp-content\/uploads\/2024\/10\/CASAL_ESTIU_ESO_LASERTAG_AVIPA_DIVERSIO_NENS_NENES-225x300.jpeg 225w, https:\/\/avipa.es\/wp-content\/uploads\/2024\/10\/CASAL_ESTIU_ESO_LASERTAG_AVIPA_DIVERSIO_NENS_NENES-480x640.jpeg 480w, https:\/\/avipa.es\/wp-content\/uploads\/2024\/10\/CASAL_ESTIU_ESO_LASERTAG_AVIPA_DIVERSIO_NENS_NENES-640x853.jpeg 640w, https:\/\/avipa.es\/wp-content\/uploads\/2024\/10\/CASAL_ESTIU_ESO_LASERTAG_AVIPA_DIVERSIO_NENS_NENES-720x960.jpeg 720w, https:\/\/avipa.es\/wp-content\/uploads\/2024\/10\/CASAL_ESTIU_ESO_LASERTAG_AVIPA_DIVERSIO_NENS_NENES-960x1280.jpeg 960w, https:\/\/avipa.es\/wp-content\/uploads\/2024\/10\/CASAL_ESTIU_ESO_LASERTAG_AVIPA_DIVERSIO_NENS_NENES-1168x1557.jpeg 1168w, https:\/\/avipa.es\/wp-content\/uploads\/2024\/10\/CASAL_ESTIU_ESO_LASERTAG_AVIPA_DIVERSIO_NENS_NENES-1152x1536.jpeg 1152w, https:\/\/avipa.es\/wp-content\/uploads\/2024\/10\/CASAL_ESTIU_ESO_LASERTAG_AVIPA_DIVERSIO_NENS_NENES-600x800.jpeg 600w, https:\/\/avipa.es\/wp-content\/uploads\/2024\/10\/CASAL_ESTIU_ESO_LASERTAG_AVIPA_DIVERSIO_NENS_NENES.jpeg 1200w\" sizes=\"auto, (max-width: 768px) 100vw, 768px\" \/><\/figure>\n<\/figure>\n\n\n\n<h3 class=\"wp-block-heading\">Equip Hum\u00e0 del Casal d&#8217;estiu<\/h3>\n\n\n\n<p>El Casal d\u2019Estiu Concepcionistes compta amb un equip hum\u00e0 format exclusivament per exalumnes de l\u2019escola que actualment s\u00f3n monitors titulats o en pr\u00e0ctiques. A m\u00e9s, es disposa d&#8217;un grup de <strong>premonitors (MPs)<\/strong>, alumnes de batxillerat que participen de manera volunt\u00e0ria per ajudar els monitors en les seves tasques. Aix\u00f2 crea un ambient familiar i proper, on els infants estan acompanyats per persones compromeses amb la seva educaci\u00f3 i benestar.<\/p>\n\n\n\n<figure class=\"wp-block-gallery has-nested-images columns-default is-cropped wp-block-gallery-3 is-layout-flex wp-block-gallery-is-layout-flex\">\n<figure class=\"wp-block-image size-large\"><img loading=\"lazy\" decoding=\"async\" width=\"768\" height=\"1024\" data-id=\"3350\" src=\"https:\/\/avipa.es\/wp-content\/uploads\/2024\/10\/CASAL_ESTIU_EQUIP_HUMA_MONITORS_MP_AVIPA_DIVERSIO_NENS_NENES-768x1024.jpeg\" alt=\"CASAL ESTIU, EQUIP HUM\u00c0, MONITORS MP'S\" class=\"wp-image-3350\" srcset=\"https:\/\/avipa.es\/wp-content\/uploads\/2024\/10\/CASAL_ESTIU_EQUIP_HUMA_MONITORS_MP_AVIPA_DIVERSIO_NENS_NENES-768x1024.jpeg 768w, https:\/\/avipa.es\/wp-content\/uploads\/2024\/10\/CASAL_ESTIU_EQUIP_HUMA_MONITORS_MP_AVIPA_DIVERSIO_NENS_NENES-225x300.jpeg 225w, https:\/\/avipa.es\/wp-content\/uploads\/2024\/10\/CASAL_ESTIU_EQUIP_HUMA_MONITORS_MP_AVIPA_DIVERSIO_NENS_NENES-480x640.jpeg 480w, https:\/\/avipa.es\/wp-content\/uploads\/2024\/10\/CASAL_ESTIU_EQUIP_HUMA_MONITORS_MP_AVIPA_DIVERSIO_NENS_NENES-640x853.jpeg 640w, https:\/\/avipa.es\/wp-content\/uploads\/2024\/10\/CASAL_ESTIU_EQUIP_HUMA_MONITORS_MP_AVIPA_DIVERSIO_NENS_NENES-720x960.jpeg 720w, https:\/\/avipa.es\/wp-content\/uploads\/2024\/10\/CASAL_ESTIU_EQUIP_HUMA_MONITORS_MP_AVIPA_DIVERSIO_NENS_NENES-960x1280.jpeg 960w, https:\/\/avipa.es\/wp-content\/uploads\/2024\/10\/CASAL_ESTIU_EQUIP_HUMA_MONITORS_MP_AVIPA_DIVERSIO_NENS_NENES-1168x1557.jpeg 1168w, https:\/\/avipa.es\/wp-content\/uploads\/2024\/10\/CASAL_ESTIU_EQUIP_HUMA_MONITORS_MP_AVIPA_DIVERSIO_NENS_NENES-1152x1536.jpeg 1152w, https:\/\/avipa.es\/wp-content\/uploads\/2024\/10\/CASAL_ESTIU_EQUIP_HUMA_MONITORS_MP_AVIPA_DIVERSIO_NENS_NENES-600x800.jpeg 600w, https:\/\/avipa.es\/wp-content\/uploads\/2024\/10\/CASAL_ESTIU_EQUIP_HUMA_MONITORS_MP_AVIPA_DIVERSIO_NENS_NENES.jpeg 1200w\" sizes=\"auto, (max-width: 768px) 100vw, 768px\" \/><\/figure>\n<\/figure>\n\n\n\n<h3 class=\"wp-block-heading\">Casal d&#8217;estiu Concepcionistes: Diversi\u00f3, Aprenentatge i Amistat<\/h3>\n\n\n\n<p>El Casal d\u2019Estiu Concepcionistes \u00e9s molt m\u00e9s que un lloc per gaudir de les vacances. \u00c9s un espai on els infants i joves poden crear vincles, experimentar aventures noves i enriquidores, i desenvolupar habilitats socials i personals que els serviran m\u00e9s enll\u00e0 de l\u2019estiu. La combinaci\u00f3 d\u2019activitats l\u00fadiques i educatives fa que cada setmana sigui una experi\u00e8ncia completa i inoblidable.<\/p>\n\n\n\n<p>Si voleu que els vostres fills gaudeixin d&#8217;un estiu ple de moments \u00fanics i emocionants, no dubteu a inscriure\u2019ls al <strong>Casal d\u2019Estiu Concepcionistes<\/strong>. \u00c9s l&#8217;oportunitat perfecta perqu\u00e8 cre\u00efn records que duraran tota la vida. <strong>Us hi esperem!<\/strong><\/p>\n\n\n\n<p><\/p>\n","protected":false},"excerpt":{"rendered":"<p>Un Casal per a Tots els P\u00fablicsAl Casal d\u2019Estiu Concepcionistes, infants i adolescents viuen setmanes plenes d\u2019activitats que els fan gaudir, cr\u00e9ixer i aprendre. Tant els m\u00e9s petits com els alumnes de l&#8217;ESO troben un entorn adaptat a les seves necessitats i edats, amb activitats emocionants que fomenten la creativitat, l&#8217;esport i el treball en [&hellip;]<\/p>\n","protected":false},"author":10,"featured_media":3187,"comment_status":"closed","ping_status":"closed","sticky":false,"template":"","format":"standard","meta":{"footnotes":""},"categories":[186],"tags":[82,262,187,121,258,120,188,257,265,266,130,261,263,264,133,131,132,204,259,260],"class_list":["post-3343","post","type-post","status-publish","format-standard","has-post-thumbnail","hentry","category-casal-destiu","tag-barcelona-2","tag-bolera-2","tag-casal","tag-diversio","tag-dortides","tag-escola","tag-estiu","tag-excursions","tag-golf","tag-grans","tag-infants","tag-karts-2","tag-lasertag","tag-mini","tag-nenes","tag-nens","tag-petits","tag-piscina","tag-platja","tag-sol"],"yoast_head":"<!-- This site is optimized with the Yoast SEO plugin v27.4 - https:\/\/yoast.com\/product\/yoast-seo-wordpress\/ -->\n<title>Casal d\u2019Estiu Concepcionistes: Un Estiu de Diversi\u00f3 i Aprenentatge - AVIPA<\/title>\n<meta name=\"description\" content=\"Casal d\u2019estiu Concepcionistes: activitats per a totes les edats; esport, aventures i diversi\u00f3, en un ambient segur i proper.\" \/>\n<meta name=\"robots\" content=\"index, follow, max-snippet:-1, max-image-preview:large, max-video-preview:-1\" \/>\n<link rel=\"canonical\" href=\"https:\/\/avipa.es\/ca\/casal-estiu-concepcionistes-aventura-diversio-nens-nenes-infants-adolescents\/\" \/>\n<meta property=\"og:locale\" content=\"ca_ES\" \/>\n<meta property=\"og:type\" content=\"article\" \/>\n<meta property=\"og:title\" content=\"Casal d\u2019Estiu Concepcionistes: Un Estiu de Diversi\u00f3 i Aprenentatge - AVIPA\" \/>\n<meta property=\"og:description\" content=\"Casal d\u2019estiu Concepcionistes: activitats per a totes les edats; esport, aventures i diversi\u00f3, en un ambient segur i proper.\" \/>\n<meta property=\"og:url\" content=\"https:\/\/avipa.es\/ca\/casal-estiu-concepcionistes-aventura-diversio-nens-nenes-infants-adolescents\/\" \/>\n<meta property=\"og:site_name\" content=\"AVIPA\" \/>\n<meta property=\"article:published_time\" content=\"2024-10-15T09:52:10+00:00\" \/>\n<meta property=\"article:modified_time\" content=\"2024-10-15T09:55:47+00:00\" \/>\n<meta property=\"og:image\" content=\"https:\/\/avipa.es\/wp-content\/uploads\/2024\/10\/SORRA_PLATJA_NENS_NENES_DIVERSIO_CASALESTIU-edited-scaled.jpg\" \/>\n\t<meta property=\"og:image:width\" content=\"2560\" \/>\n\t<meta property=\"og:image:height\" content=\"1920\" \/>\n\t<meta property=\"og:image:type\" content=\"image\/jpeg\" \/>\n<meta name=\"author\" content=\"concepcionistas@avipa.es\" \/>\n<meta name=\"twitter:card\" content=\"summary_large_image\" \/>\n<meta name=\"twitter:label1\" content=\"Escrit per\" \/>\n\t<meta name=\"twitter:data1\" content=\"concepcionistas@avipa.es\" \/>\n\t<meta name=\"twitter:label2\" content=\"Temps estimat de lectura\" \/>\n\t<meta name=\"twitter:data2\" content=\"6 minuts\" \/>\n<script type=\"application\/ld+json\" class=\"yoast-schema-graph\">{\"@context\":\"https:\\\/\\\/schema.org\",\"@graph\":[{\"@type\":\"Article\",\"@id\":\"https:\\\/\\\/avipa.es\\\/ca\\\/casal-estiu-concepcionistes-aventura-diversio-nens-nenes-infants-adolescents\\\/#article\",\"isPartOf\":{\"@id\":\"https:\\\/\\\/avipa.es\\\/ca\\\/casal-estiu-concepcionistes-aventura-diversio-nens-nenes-infants-adolescents\\\/\"},\"author\":{\"name\":\"concepcionistas@avipa.es\",\"@id\":\"https:\\\/\\\/avipa.es\\\/ca\\\/#\\\/schema\\\/person\\\/ab29728ff0c31e22101bbda14a518e64\"},\"headline\":\"Casal d\u2019Estiu Concepcionistes: Un Estiu de Diversi\u00f3 i Aprenentatge\",\"datePublished\":\"2024-10-15T09:52:10+00:00\",\"dateModified\":\"2024-10-15T09:55:47+00:00\",\"mainEntityOfPage\":{\"@id\":\"https:\\\/\\\/avipa.es\\\/ca\\\/casal-estiu-concepcionistes-aventura-diversio-nens-nenes-infants-adolescents\\\/\"},\"wordCount\":1033,\"image\":{\"@id\":\"https:\\\/\\\/avipa.es\\\/ca\\\/casal-estiu-concepcionistes-aventura-diversio-nens-nenes-infants-adolescents\\\/#primaryimage\"},\"thumbnailUrl\":\"https:\\\/\\\/avipa.es\\\/wp-content\\\/uploads\\\/2024\\\/10\\\/SORRA_PLATJA_NENS_NENES_DIVERSIO_CASALESTIU-edited-scaled.jpg\",\"keywords\":[\"barcelona\",\"bolera\",\"casal\",\"diversi\u00f3\",\"dortides\",\"escola\",\"estiu\",\"excursions\",\"golf\",\"grans\",\"infants\",\"karts\",\"lasertag\",\"mini\",\"nenes\",\"nens\",\"petits\",\"Piscina\",\"platja\",\"sol\"],\"articleSection\":[\"Casal d'Estiu\"],\"inLanguage\":\"ca\"},{\"@type\":\"WebPage\",\"@id\":\"https:\\\/\\\/avipa.es\\\/ca\\\/casal-estiu-concepcionistes-aventura-diversio-nens-nenes-infants-adolescents\\\/\",\"url\":\"https:\\\/\\\/avipa.es\\\/ca\\\/casal-estiu-concepcionistes-aventura-diversio-nens-nenes-infants-adolescents\\\/\",\"name\":\"Casal d\u2019Estiu Concepcionistes: Un Estiu de Diversi\u00f3 i Aprenentatge - AVIPA\",\"isPartOf\":{\"@id\":\"https:\\\/\\\/avipa.es\\\/ca\\\/#website\"},\"primaryImageOfPage\":{\"@id\":\"https:\\\/\\\/avipa.es\\\/ca\\\/casal-estiu-concepcionistes-aventura-diversio-nens-nenes-infants-adolescents\\\/#primaryimage\"},\"image\":{\"@id\":\"https:\\\/\\\/avipa.es\\\/ca\\\/casal-estiu-concepcionistes-aventura-diversio-nens-nenes-infants-adolescents\\\/#primaryimage\"},\"thumbnailUrl\":\"https:\\\/\\\/avipa.es\\\/wp-content\\\/uploads\\\/2024\\\/10\\\/SORRA_PLATJA_NENS_NENES_DIVERSIO_CASALESTIU-edited-scaled.jpg\",\"datePublished\":\"2024-10-15T09:52:10+00:00\",\"dateModified\":\"2024-10-15T09:55:47+00:00\",\"author\":{\"@id\":\"https:\\\/\\\/avipa.es\\\/ca\\\/#\\\/schema\\\/person\\\/ab29728ff0c31e22101bbda14a518e64\"},\"description\":\"Casal d\u2019estiu Concepcionistes: activitats per a totes les edats; esport, aventures i diversi\u00f3, en un ambient segur i proper.\",\"breadcrumb\":{\"@id\":\"https:\\\/\\\/avipa.es\\\/ca\\\/casal-estiu-concepcionistes-aventura-diversio-nens-nenes-infants-adolescents\\\/#breadcrumb\"},\"inLanguage\":\"ca\",\"potentialAction\":[{\"@type\":\"ReadAction\",\"target\":[\"https:\\\/\\\/avipa.es\\\/ca\\\/casal-estiu-concepcionistes-aventura-diversio-nens-nenes-infants-adolescents\\\/\"]}]},{\"@type\":\"ImageObject\",\"inLanguage\":\"ca\",\"@id\":\"https:\\\/\\\/avipa.es\\\/ca\\\/casal-estiu-concepcionistes-aventura-diversio-nens-nenes-infants-adolescents\\\/#primaryimage\",\"url\":\"https:\\\/\\\/avipa.es\\\/wp-content\\\/uploads\\\/2024\\\/10\\\/SORRA_PLATJA_NENS_NENES_DIVERSIO_CASALESTIU-edited-scaled.jpg\",\"contentUrl\":\"https:\\\/\\\/avipa.es\\\/wp-content\\\/uploads\\\/2024\\\/10\\\/SORRA_PLATJA_NENS_NENES_DIVERSIO_CASALESTIU-edited-scaled.jpg\",\"width\":2560,\"height\":1920,\"caption\":\"platja, jugar, sorra, casal d'estiu avipa\"},{\"@type\":\"BreadcrumbList\",\"@id\":\"https:\\\/\\\/avipa.es\\\/ca\\\/casal-estiu-concepcionistes-aventura-diversio-nens-nenes-infants-adolescents\\\/#breadcrumb\",\"itemListElement\":[{\"@type\":\"ListItem\",\"position\":1,\"name\":\"Portada\",\"item\":\"https:\\\/\\\/avipa.es\\\/ca\\\/\"},{\"@type\":\"ListItem\",\"position\":2,\"name\":\"Casal d\u2019Estiu Concepcionistes: Un Estiu de Diversi\u00f3 i Aprenentatge\"}]},{\"@type\":\"WebSite\",\"@id\":\"https:\\\/\\\/avipa.es\\\/ca\\\/#website\",\"url\":\"https:\\\/\\\/avipa.es\\\/ca\\\/\",\"name\":\"AVIPA\",\"description\":\"Actividades extraescolares para ni\u00f1os\",\"potentialAction\":[{\"@type\":\"SearchAction\",\"target\":{\"@type\":\"EntryPoint\",\"urlTemplate\":\"https:\\\/\\\/avipa.es\\\/ca\\\/?s={search_term_string}\"},\"query-input\":{\"@type\":\"PropertyValueSpecification\",\"valueRequired\":true,\"valueName\":\"search_term_string\"}}],\"inLanguage\":\"ca\"},{\"@type\":\"Person\",\"@id\":\"https:\\\/\\\/avipa.es\\\/ca\\\/#\\\/schema\\\/person\\\/ab29728ff0c31e22101bbda14a518e64\",\"name\":\"concepcionistas@avipa.es\",\"image\":{\"@type\":\"ImageObject\",\"inLanguage\":\"ca\",\"@id\":\"https:\\\/\\\/secure.gravatar.com\\\/avatar\\\/56fe679a65aa3b0be8bf49ae29db0a9fb99725ef97344f2e7952fc862256c5ba?s=96&d=mm&r=g\",\"url\":\"https:\\\/\\\/secure.gravatar.com\\\/avatar\\\/56fe679a65aa3b0be8bf49ae29db0a9fb99725ef97344f2e7952fc862256c5ba?s=96&d=mm&r=g\",\"contentUrl\":\"https:\\\/\\\/secure.gravatar.com\\\/avatar\\\/56fe679a65aa3b0be8bf49ae29db0a9fb99725ef97344f2e7952fc862256c5ba?s=96&d=mm&r=g\",\"caption\":\"concepcionistas@avipa.es\"},\"url\":\"https:\\\/\\\/avipa.es\\\/ca\\\/author\\\/concepcionistasavipa-es\\\/\"}]}<\/script>\n<!-- \/ Yoast SEO plugin. -->","yoast_head_json":{"title":"Casal d\u2019Estiu Concepcionistes: Un Estiu de Diversi\u00f3 i Aprenentatge - AVIPA","description":"Casal d\u2019estiu Concepcionistes: activitats per a totes les edats; esport, aventures i diversi\u00f3, en un ambient segur i proper.","robots":{"index":"index","follow":"follow","max-snippet":"max-snippet:-1","max-image-preview":"max-image-preview:large","max-video-preview":"max-video-preview:-1"},"canonical":"https:\/\/avipa.es\/ca\/casal-estiu-concepcionistes-aventura-diversio-nens-nenes-infants-adolescents\/","og_locale":"ca_ES","og_type":"article","og_title":"Casal d\u2019Estiu Concepcionistes: Un Estiu de Diversi\u00f3 i Aprenentatge - AVIPA","og_description":"Casal d\u2019estiu Concepcionistes: activitats per a totes les edats; esport, aventures i diversi\u00f3, en un ambient segur i proper.","og_url":"https:\/\/avipa.es\/ca\/casal-estiu-concepcionistes-aventura-diversio-nens-nenes-infants-adolescents\/","og_site_name":"AVIPA","article_published_time":"2024-10-15T09:52:10+00:00","article_modified_time":"2024-10-15T09:55:47+00:00","og_image":[{"width":2560,"height":1920,"url":"https:\/\/avipa.es\/wp-content\/uploads\/2024\/10\/SORRA_PLATJA_NENS_NENES_DIVERSIO_CASALESTIU-edited-scaled.jpg","type":"image\/jpeg"}],"author":"concepcionistas@avipa.es","twitter_card":"summary_large_image","twitter_misc":{"Escrit per":"concepcionistas@avipa.es","Temps estimat de lectura":"6 minuts"},"schema":{"@context":"https:\/\/schema.org","@graph":[{"@type":"Article","@id":"https:\/\/avipa.es\/ca\/casal-estiu-concepcionistes-aventura-diversio-nens-nenes-infants-adolescents\/#article","isPartOf":{"@id":"https:\/\/avipa.es\/ca\/casal-estiu-concepcionistes-aventura-diversio-nens-nenes-infants-adolescents\/"},"author":{"name":"concepcionistas@avipa.es","@id":"https:\/\/avipa.es\/ca\/#\/schema\/person\/ab29728ff0c31e22101bbda14a518e64"},"headline":"Casal d\u2019Estiu Concepcionistes: Un Estiu de Diversi\u00f3 i Aprenentatge","datePublished":"2024-10-15T09:52:10+00:00","dateModified":"2024-10-15T09:55:47+00:00","mainEntityOfPage":{"@id":"https:\/\/avipa.es\/ca\/casal-estiu-concepcionistes-aventura-diversio-nens-nenes-infants-adolescents\/"},"wordCount":1033,"image":{"@id":"https:\/\/avipa.es\/ca\/casal-estiu-concepcionistes-aventura-diversio-nens-nenes-infants-adolescents\/#primaryimage"},"thumbnailUrl":"https:\/\/avipa.es\/wp-content\/uploads\/2024\/10\/SORRA_PLATJA_NENS_NENES_DIVERSIO_CASALESTIU-edited-scaled.jpg","keywords":["barcelona","bolera","casal","diversi\u00f3","dortides","escola","estiu","excursions","golf","grans","infants","karts","lasertag","mini","nenes","nens","petits","Piscina","platja","sol"],"articleSection":["Casal d'Estiu"],"inLanguage":"ca"},{"@type":"WebPage","@id":"https:\/\/avipa.es\/ca\/casal-estiu-concepcionistes-aventura-diversio-nens-nenes-infants-adolescents\/","url":"https:\/\/avipa.es\/ca\/casal-estiu-concepcionistes-aventura-diversio-nens-nenes-infants-adolescents\/","name":"Casal d\u2019Estiu Concepcionistes: Un Estiu de Diversi\u00f3 i Aprenentatge - AVIPA","isPartOf":{"@id":"https:\/\/avipa.es\/ca\/#website"},"primaryImageOfPage":{"@id":"https:\/\/avipa.es\/ca\/casal-estiu-concepcionistes-aventura-diversio-nens-nenes-infants-adolescents\/#primaryimage"},"image":{"@id":"https:\/\/avipa.es\/ca\/casal-estiu-concepcionistes-aventura-diversio-nens-nenes-infants-adolescents\/#primaryimage"},"thumbnailUrl":"https:\/\/avipa.es\/wp-content\/uploads\/2024\/10\/SORRA_PLATJA_NENS_NENES_DIVERSIO_CASALESTIU-edited-scaled.jpg","datePublished":"2024-10-15T09:52:10+00:00","dateModified":"2024-10-15T09:55:47+00:00","author":{"@id":"https:\/\/avipa.es\/ca\/#\/schema\/person\/ab29728ff0c31e22101bbda14a518e64"},"description":"Casal d\u2019estiu Concepcionistes: activitats per a totes les edats; esport, aventures i diversi\u00f3, en un ambient segur i proper.","breadcrumb":{"@id":"https:\/\/avipa.es\/ca\/casal-estiu-concepcionistes-aventura-diversio-nens-nenes-infants-adolescents\/#breadcrumb"},"inLanguage":"ca","potentialAction":[{"@type":"ReadAction","target":["https:\/\/avipa.es\/ca\/casal-estiu-concepcionistes-aventura-diversio-nens-nenes-infants-adolescents\/"]}]},{"@type":"ImageObject","inLanguage":"ca","@id":"https:\/\/avipa.es\/ca\/casal-estiu-concepcionistes-aventura-diversio-nens-nenes-infants-adolescents\/#primaryimage","url":"https:\/\/avipa.es\/wp-content\/uploads\/2024\/10\/SORRA_PLATJA_NENS_NENES_DIVERSIO_CASALESTIU-edited-scaled.jpg","contentUrl":"https:\/\/avipa.es\/wp-content\/uploads\/2024\/10\/SORRA_PLATJA_NENS_NENES_DIVERSIO_CASALESTIU-edited-scaled.jpg","width":2560,"height":1920,"caption":"platja, jugar, sorra, casal d'estiu avipa"},{"@type":"BreadcrumbList","@id":"https:\/\/avipa.es\/ca\/casal-estiu-concepcionistes-aventura-diversio-nens-nenes-infants-adolescents\/#breadcrumb","itemListElement":[{"@type":"ListItem","position":1,"name":"Portada","item":"https:\/\/avipa.es\/ca\/"},{"@type":"ListItem","position":2,"name":"Casal d\u2019Estiu Concepcionistes: Un Estiu de Diversi\u00f3 i Aprenentatge"}]},{"@type":"WebSite","@id":"https:\/\/avipa.es\/ca\/#website","url":"https:\/\/avipa.es\/ca\/","name":"AVIPA","description":"Actividades extraescolares para ni\u00f1os","potentialAction":[{"@type":"SearchAction","target":{"@type":"EntryPoint","urlTemplate":"https:\/\/avipa.es\/ca\/?s={search_term_string}"},"query-input":{"@type":"PropertyValueSpecification","valueRequired":true,"valueName":"search_term_string"}}],"inLanguage":"ca"},{"@type":"Person","@id":"https:\/\/avipa.es\/ca\/#\/schema\/person\/ab29728ff0c31e22101bbda14a518e64","name":"concepcionistas@avipa.es","image":{"@type":"ImageObject","inLanguage":"ca","@id":"https:\/\/secure.gravatar.com\/avatar\/56fe679a65aa3b0be8bf49ae29db0a9fb99725ef97344f2e7952fc862256c5ba?s=96&d=mm&r=g","url":"https:\/\/secure.gravatar.com\/avatar\/56fe679a65aa3b0be8bf49ae29db0a9fb99725ef97344f2e7952fc862256c5ba?s=96&d=mm&r=g","contentUrl":"https:\/\/secure.gravatar.com\/avatar\/56fe679a65aa3b0be8bf49ae29db0a9fb99725ef97344f2e7952fc862256c5ba?s=96&d=mm&r=g","caption":"concepcionistas@avipa.es"},"url":"https:\/\/avipa.es\/ca\/author\/concepcionistasavipa-es\/"}]}},"meta_box":[],"_links":{"self":[{"href":"https:\/\/avipa.es\/ca\/wp-json\/wp\/v2\/posts\/3343","targetHints":{"allow":["GET"]}}],"collection":[{"href":"https:\/\/avipa.es\/ca\/wp-json\/wp\/v2\/posts"}],"about":[{"href":"https:\/\/avipa.es\/ca\/wp-json\/wp\/v2\/types\/post"}],"author":[{"embeddable":true,"href":"https:\/\/avipa.es\/ca\/wp-json\/wp\/v2\/users\/10"}],"replies":[{"embeddable":true,"href":"https:\/\/avipa.es\/ca\/wp-json\/wp\/v2\/comments?post=3343"}],"version-history":[{"count":1,"href":"https:\/\/avipa.es\/ca\/wp-json\/wp\/v2\/posts\/3343\/revisions"}],"predecessor-version":[{"id":3352,"href":"https:\/\/avipa.es\/ca\/wp-json\/wp\/v2\/posts\/3343\/revisions\/3352"}],"wp:featuredmedia":[{"embeddable":true,"href":"https:\/\/avipa.es\/ca\/wp-json\/wp\/v2\/media\/3187"}],"wp:attachment":[{"href":"https:\/\/avipa.es\/ca\/wp-json\/wp\/v2\/media?parent=3343"}],"wp:term":[{"taxonomy":"category","embeddable":true,"href":"https:\/\/avipa.es\/ca\/wp-json\/wp\/v2\/categories?post=3343"},{"taxonomy":"post_tag","embeddable":true,"href":"https:\/\/avipa.es\/ca\/wp-json\/wp\/v2\/tags?post=3343"}],"curies":[{"name":"wp","href":"https:\/\/api.w.org\/{rel}","templated":true}]}}