{"id":3435,"date":"2025-02-11T19:23:38","date_gmt":"2025-02-11T18:23:38","guid":{"rendered":"https:\/\/avipa.es\/?p=3435"},"modified":"2025-02-18T10:04:16","modified_gmt":"2025-02-18T09:04:16","slug":"tots-descomptes-casal-destiu-2025-com-funcionen-i-com-aprofitar-los","status":"publish","type":"post","link":"https:\/\/avipa.es\/ca\/tots-descomptes-casal-destiu-2025-com-funcionen-i-com-aprofitar-los\/","title":{"rendered":"Descomptes del Casal d\u2019Estiu 2025"},"content":{"rendered":"\n<p>A AVIPA volem que totes les fam\u00edlies tinguin l\u2019oportunitat de gaudir del <strong>Casal d\u2019Estiu 2025<\/strong> sense que el preu sigui una barrera. Per aix\u00f2, hem creat diversos <strong>descomptes acumulables<\/strong>, que et permetran reduir el cost total de la inscripci\u00f3. A continuaci\u00f3, t\u2019expliquem <strong>quins descomptes oferim i com pots aprofitar-los al m\u00e0xim<\/strong>.<\/p>\n\n\n\n<h2 class=\"wp-block-heading\"><strong>1\ufe0f\u20e3 Descompte per inscripci\u00f3 anticipada: -10%<\/strong><\/h2>\n\n\n\n<p>\ud83d\udcc5 Si fas la teva inscripci\u00f3 <strong>abans del 23 de mar\u00e7<\/strong>, t\u2019aplicarem <strong>un 10% de descompte<\/strong> sobre el preu total del Casal. Aix\u00f2 vol dir que pots estalviar una quantitat important si planifiques la inscripci\u00f3 amb antelaci\u00f3.<\/p>\n\n\n\n<p>\ud83d\udca1 <strong>Exemple pr\u00e0ctic:<\/strong><\/p>\n\n\n\n<ul class=\"wp-block-list\">\n<li>Si vols apuntar el teu fill a 3 setmanes de Casal d&#8217;Infantil i Prim\u00e0ria, el preu original seria de <strong>195 \u20ac per setmana<\/strong> (195 \u20ac x 3 = <strong>585 \u20ac<\/strong>).<\/li>\n\n\n\n<li>Amb el descompte del 10%, el preu total seria de <strong>526,50 \u20ac<\/strong> (est\u00e0s estalviant <strong>58,50 \u20ac<\/strong>).<\/li>\n<\/ul>\n\n\n\n<p>\u23f3 <em>Recorda que aquest descompte nom\u00e9s \u00e9s v\u00e0lid fins al 23 de mar\u00e7!<\/em><\/p>\n\n\n\n<h2 class=\"wp-block-heading\"><strong>2\ufe0f\u20e3 Descompte per setmanes: estalvia fins a 40\u20ac<\/strong><\/h2>\n\n\n\n<p>Com m\u00e9s setmanes s\u2019inscrigui el teu fill\/a, m\u00e9s gran ser\u00e0 el descompte acumulat:<\/p>\n\n\n\n<p>\u2714 <strong>Inscripci\u00f3 a 3 setmanes<\/strong> \u2192 -15\u20ac<br>\u2714 <strong>Inscripci\u00f3 a 4 setmanes<\/strong> \u2192 -25\u20ac<br>\u2714 <strong>Inscripci\u00f3 a 5 setmanes<\/strong> \u2192 -40\u20ac<\/p>\n\n\n\n<p>\ud83d\udca1 <strong>Exemple pr\u00e0ctic acumulant descomptes:<\/strong><br>Si inscrius el teu fill\/a <strong>a 5 setmanes<\/strong> i ho fas abans del 23 de mar\u00e7:<\/p>\n\n\n\n<ul class=\"wp-block-list\">\n<li>Preu total sense descomptes: <strong>975 \u20ac<\/strong> (195 \u20ac x 5 setmanes).<\/li>\n\n\n\n<li><strong>Descompte per setmanes:<\/strong> -40 \u20ac<\/li>\n\n\n\n<li><strong>Descompte del 10% per inscripci\u00f3 anticipada:<\/strong> -93,50\u20ac (975 \u20ac &#8211; 40\u20ac &#8211; 10%)<\/li>\n\n\n\n<li><strong>Preu final despr\u00e9s de descomptes:<\/strong> <strong>841,50 \u20ac<\/strong> (estalvi total: <strong>133,50\u20ac!<\/strong>).<\/li>\n<\/ul>\n\n\n\n<h2 class=\"wp-block-heading\"><strong>3\ufe0f\u20e3 Descompte amic: fins a 5\u20ac per setmana<\/strong><\/h2>\n\n\n\n<p>\ud83d\udc6b Si portes <strong>un amic\/a<\/strong> que <strong>mai hagi participat al Casal d\u2019Estiu<\/strong> i que <strong>no sigui alumne de l\u2019escola<\/strong>, <strong>tindr\u00e0s un descompte de 5\u20ac per cada setmana<\/strong> en qu\u00e8 participi el teu amic.<\/p>\n\n\n\n<p>\ud83d\udca1 <strong>Com funciona?<\/strong><\/p>\n\n\n\n<ul class=\"wp-block-list\">\n<li>Si el teu amic s\u2019apunta a <strong>3 setmanes<\/strong>, tu tindr\u00e0s <strong>15\u20ac de descompte<\/strong>.<\/li>\n\n\n\n<li>Si el teu amic s\u2019apunta a <strong>5 setmanes<\/strong>, estalviar\u00e0s <strong>25\u20ac<\/strong>.<\/li>\n\n\n\n<li>Si s&#8217;apunten <strong>5 amics<\/strong> durant <strong>5 setmanes<\/strong>, estalviar\u00e0s <strong>125\u20ac<\/strong>. <\/li>\n\n\n\n<li>Si portes <strong>m\u00e9s d\u2019un amic<\/strong>, els descomptes s\u2019acumulen. Com m\u00e9s amics portis m\u00e9s gran ser\u00e0 el descompte. <\/li>\n<\/ul>\n\n\n\n<p>\ud83d\udca1 <strong>Que he de fer per rebre el descompte?<\/strong><\/p>\n\n\n\n<p>Per obtar a aquest descompte, \u00e9s important que el vostre amic o amiga quan ompli el formulari, marqui a la pregunta de com ens ha conegut que ha estat per recomenaci\u00f3 d&#8217;un amic\/amiga, i haur\u00e0 d&#8217;indicar el nom del participant que us ha recomanat, per tal que aquest rebi el descompte. <\/p>\n\n\n\n<figure class=\"wp-block-image size-full\"><img loading=\"lazy\" decoding=\"async\" width=\"951\" height=\"750\" src=\"https:\/\/avipa.es\/wp-content\/uploads\/2025\/02\/image.png\" alt=\"Descomptes del Casal d\u2019Estiu 2025. Descompte amic\/amiga\" class=\"wp-image-3436\" srcset=\"https:\/\/avipa.es\/wp-content\/uploads\/2025\/02\/image.png 951w, https:\/\/avipa.es\/wp-content\/uploads\/2025\/02\/image-300x237.png 300w, https:\/\/avipa.es\/wp-content\/uploads\/2025\/02\/image-768x606.png 768w, https:\/\/avipa.es\/wp-content\/uploads\/2025\/02\/image-480x379.png 480w, https:\/\/avipa.es\/wp-content\/uploads\/2025\/02\/image-640x505.png 640w, https:\/\/avipa.es\/wp-content\/uploads\/2025\/02\/image-720x568.png 720w, https:\/\/avipa.es\/wp-content\/uploads\/2025\/02\/image-600x473.png 600w\" sizes=\"auto, (max-width: 951px) 100vw, 951px\" \/><\/figure>\n\n\n\n<h2 class=\"wp-block-heading\"><strong>\ud83d\udccc Tots els descomptes s\u00f3n acumulables!<\/strong><\/h2>\n\n\n\n<p>Aix\u00f2 significa que <strong>pots combinar el descompte per inscripci\u00f3 anticipada, el descompte per setmanes i el descompte amic<\/strong> per aconseguir el m\u00e0xim estalvi possible.<\/p>\n\n\n\n<p>\u2705 <strong>Descompte per inscripci\u00f3 anticipada (-10%)<\/strong> <mark style=\"background-color:rgba(0, 0, 0, 0)\" class=\"has-inline-color has-vivid-red-color\">(V\u00e0lid fins al 23 de Mar\u00e7)<\/mark><br>\u2705 <strong>Descompte per setmanes (-15\u20ac, -25\u20ac o -40\u20ac)<\/strong> <mark style=\"background-color:rgba(0, 0, 0, 0)\" class=\"has-inline-color has-vivid-red-color\">(V\u00e0lid fins al 6 d&#8217;Abril)<\/mark><br>\u2705 <strong>Descompte amic (-5 \u20ac per setmana per cada amic que portis)<\/strong> <mark style=\"background-color:rgba(0, 0, 0, 0)\" class=\"has-inline-color has-vivid-red-color\">(V\u00e0lid fins el 23 d&#8217;Abril)<\/mark><\/p>\n\n\n\n<p>\ud83d\udce2 <em>Tots aquests descomptes s\u2019aplicaran en el segon pagament.<\/em><\/p>\n\n\n\n<h2 class=\"wp-block-heading\">Com aplicar els descomptes? <\/h2>\n\n\n\n<p>Els descomptes s&#8217;aplicaran en el segon pagament i s&#8217;hauran d&#8217;aplicar de la seg\u00fcent manera. Us ho expliquem amb un exemple pr\u00e0ctic: <\/p>\n\n\n\n<p><strong>Exemple pr\u00e0ctic: <\/strong><em>(alumne de la ESO que fa les 4 setmanes de Casal del Juliol i t\u00e9 un amic de fora de l\u2019escola que far\u00e0 3 setmanes de Casal, tamb\u00e9 ha fet la inscripci\u00f3 abans del 23 de Mar\u00e7)<\/em><\/p>\n\n\n\n<ul class=\"wp-block-list\">\n<li>Preu total sense descomptes:\u00a0<strong>800 \u20ac<\/strong>\u00a0(200 \u20ac x 4 setmanes).<\/li>\n\n\n\n<li><strong>Descompte per setmanes:<\/strong>\u00a0<strong>-25\u20ac<\/strong> -> 800\u20ac &#8211; 25\u20ac = 775\u20ac<\/li>\n\n\n\n<li><strong>Descompte per amic (un amic vostre ve 3 setmanes):<\/strong> 15\u20ac -> 775\u20ac &#8211; 15\u20ac = 760\u20ac<\/li>\n\n\n\n<li><strong>Descompte del 10% per inscripci\u00f3 anticipada:<\/strong>\u00a0-76\u20ac (10% de 760\u20ac) -> 760\u20ac -76\u20ac = 684\u20ac<\/li>\n\n\n\n<li><strong>Preu final despr\u00e9s de descomptes:<\/strong>\u00a0<strong>684 \u20ac<\/strong>\u00a0(estalvi total:\u00a0<strong>116\u20ac!<\/strong>).<\/li>\n<\/ul>\n\n\n\n<p><strong>1r pagament = 800\u20ac \/ 2 = 400\u20ac<\/strong><\/p>\n\n\n\n<p><strong>2n pagament = 400\u20ac &#8211; 116\u20ac = 284\u20ac<\/strong><\/p>\n\n\n\n<h2 class=\"wp-block-heading\"><strong>No esperis m\u00e9s! Fes la teva inscripci\u00f3 avui mateix!<\/strong><\/h2>\n\n\n\n<p>\ud83d\udcc5 <strong>\ud83d\udccd Reserva la teva pla\u00e7a a partir de l\u201911 de febrer!<\/strong><\/p>\n\n\n\n<p><strong>\ud83d\udccd<a href=\"https:\/\/avipa.es\/ca\/producte\/casal-destiu-2\/\"><mark style=\"background-color:rgba(0, 0, 0, 0)\" class=\"has-inline-color has-luminous-vivid-orange-color\">Per a m\u00e9s informaci\u00f3 sobre el Casal feu click aqu\u00ed.<\/mark><\/a><\/strong><br>\ud83d\udce9 <strong>Per a qualsevol dubte, escriu-nos a:<\/strong> <a href=\"mailto:casalestiu@concepcionistas.es\">casalestiu@concepcionistas.es<\/a><br>\ud83d\udd17 <strong><a href=\"https:\/\/forms.gle\/HubSGBUp9CWdroCM8\">Fes la teva inscripci\u00f3 aqu\u00ed<\/a><\/strong><\/p>\n\n\n\n<p><\/p>\n","protected":false},"excerpt":{"rendered":"<p>A AVIPA volem que totes les fam\u00edlies tinguin l\u2019oportunitat de gaudir del Casal d\u2019Estiu 2025 sense que el preu sigui una barrera. Per aix\u00f2, hem creat diversos descomptes acumulables, que et permetran reduir el cost total de la inscripci\u00f3. A continuaci\u00f3, t\u2019expliquem quins descomptes oferim i com pots aprofitar-los al m\u00e0xim. 1\ufe0f\u20e3 Descompte per inscripci\u00f3 [&hellip;]<\/p>\n","protected":false},"author":10,"featured_media":3443,"comment_status":"closed","ping_status":"closed","sticky":false,"template":"","format":"standard","meta":{"footnotes":""},"categories":[44],"tags":[],"class_list":["post-3435","post","type-post","status-publish","format-standard","has-post-thumbnail","hentry","category-uncategorized-ca"],"yoast_head":"<!-- This site is optimized with the Yoast SEO plugin v27.4 - https:\/\/yoast.com\/product\/yoast-seo-wordpress\/ -->\n<title>Descomptes del Casal d\u2019Estiu 2025 - AVIPA<\/title>\n<meta name=\"description\" content=\"Descobreix tots els descomptes del Casal d\u2019Estiu 2025: com funcionen i com aprofitar-los. Inscriu-te al millor Casal d&#039;Estiu de Barcelona.\" \/>\n<meta name=\"robots\" content=\"index, follow, max-snippet:-1, max-image-preview:large, max-video-preview:-1\" \/>\n<link rel=\"canonical\" href=\"https:\/\/avipa.es\/ca\/tots-descomptes-casal-destiu-2025-com-funcionen-i-com-aprofitar-los\/\" \/>\n<meta property=\"og:locale\" content=\"ca_ES\" \/>\n<meta property=\"og:type\" content=\"article\" \/>\n<meta property=\"og:title\" content=\"Descomptes del Casal d\u2019Estiu 2025 - AVIPA\" \/>\n<meta property=\"og:description\" content=\"Descobreix tots els descomptes del Casal d\u2019Estiu 2025: com funcionen i com aprofitar-los. Inscriu-te al millor Casal d&#039;Estiu de Barcelona.\" \/>\n<meta property=\"og:url\" content=\"https:\/\/avipa.es\/ca\/tots-descomptes-casal-destiu-2025-com-funcionen-i-com-aprofitar-los\/\" \/>\n<meta property=\"og:site_name\" content=\"AVIPA\" \/>\n<meta property=\"article:published_time\" content=\"2025-02-11T18:23:38+00:00\" \/>\n<meta property=\"article:modified_time\" content=\"2025-02-18T09:04:16+00:00\" \/>\n<meta property=\"og:image\" content=\"https:\/\/avipa.es\/wp-content\/uploads\/2025\/02\/DESCOMPTES.png\" \/>\n\t<meta property=\"og:image:width\" content=\"1080\" \/>\n\t<meta property=\"og:image:height\" content=\"1350\" \/>\n\t<meta property=\"og:image:type\" content=\"image\/png\" \/>\n<meta name=\"author\" content=\"concepcionistas@avipa.es\" \/>\n<meta name=\"twitter:card\" content=\"summary_large_image\" \/>\n<meta name=\"twitter:label1\" content=\"Escrit per\" \/>\n\t<meta name=\"twitter:data1\" content=\"concepcionistas@avipa.es\" \/>\n\t<meta name=\"twitter:label2\" content=\"Temps estimat de lectura\" \/>\n\t<meta name=\"twitter:data2\" content=\"4 minuts\" \/>\n<script type=\"application\/ld+json\" class=\"yoast-schema-graph\">{\"@context\":\"https:\\\/\\\/schema.org\",\"@graph\":[{\"@type\":\"Article\",\"@id\":\"https:\\\/\\\/avipa.es\\\/ca\\\/tots-descomptes-casal-destiu-2025-com-funcionen-i-com-aprofitar-los\\\/#article\",\"isPartOf\":{\"@id\":\"https:\\\/\\\/avipa.es\\\/ca\\\/tots-descomptes-casal-destiu-2025-com-funcionen-i-com-aprofitar-los\\\/\"},\"author\":{\"name\":\"concepcionistas@avipa.es\",\"@id\":\"https:\\\/\\\/avipa.es\\\/ca\\\/#\\\/schema\\\/person\\\/ab29728ff0c31e22101bbda14a518e64\"},\"headline\":\"Descomptes del Casal d\u2019Estiu 2025\",\"datePublished\":\"2025-02-11T18:23:38+00:00\",\"dateModified\":\"2025-02-18T09:04:16+00:00\",\"mainEntityOfPage\":{\"@id\":\"https:\\\/\\\/avipa.es\\\/ca\\\/tots-descomptes-casal-destiu-2025-com-funcionen-i-com-aprofitar-los\\\/\"},\"wordCount\":619,\"image\":{\"@id\":\"https:\\\/\\\/avipa.es\\\/ca\\\/tots-descomptes-casal-destiu-2025-com-funcionen-i-com-aprofitar-los\\\/#primaryimage\"},\"thumbnailUrl\":\"https:\\\/\\\/avipa.es\\\/wp-content\\\/uploads\\\/2025\\\/02\\\/DESCOMPTES.png\",\"articleSection\":[\"Uncategorized @ca\"],\"inLanguage\":\"ca\"},{\"@type\":\"WebPage\",\"@id\":\"https:\\\/\\\/avipa.es\\\/ca\\\/tots-descomptes-casal-destiu-2025-com-funcionen-i-com-aprofitar-los\\\/\",\"url\":\"https:\\\/\\\/avipa.es\\\/ca\\\/tots-descomptes-casal-destiu-2025-com-funcionen-i-com-aprofitar-los\\\/\",\"name\":\"Descomptes del Casal d\u2019Estiu 2025 - AVIPA\",\"isPartOf\":{\"@id\":\"https:\\\/\\\/avipa.es\\\/ca\\\/#website\"},\"primaryImageOfPage\":{\"@id\":\"https:\\\/\\\/avipa.es\\\/ca\\\/tots-descomptes-casal-destiu-2025-com-funcionen-i-com-aprofitar-los\\\/#primaryimage\"},\"image\":{\"@id\":\"https:\\\/\\\/avipa.es\\\/ca\\\/tots-descomptes-casal-destiu-2025-com-funcionen-i-com-aprofitar-los\\\/#primaryimage\"},\"thumbnailUrl\":\"https:\\\/\\\/avipa.es\\\/wp-content\\\/uploads\\\/2025\\\/02\\\/DESCOMPTES.png\",\"datePublished\":\"2025-02-11T18:23:38+00:00\",\"dateModified\":\"2025-02-18T09:04:16+00:00\",\"author\":{\"@id\":\"https:\\\/\\\/avipa.es\\\/ca\\\/#\\\/schema\\\/person\\\/ab29728ff0c31e22101bbda14a518e64\"},\"description\":\"Descobreix tots els descomptes del Casal d\u2019Estiu 2025: com funcionen i com aprofitar-los. Inscriu-te al millor Casal d'Estiu de Barcelona.\",\"breadcrumb\":{\"@id\":\"https:\\\/\\\/avipa.es\\\/ca\\\/tots-descomptes-casal-destiu-2025-com-funcionen-i-com-aprofitar-los\\\/#breadcrumb\"},\"inLanguage\":\"ca\",\"potentialAction\":[{\"@type\":\"ReadAction\",\"target\":[\"https:\\\/\\\/avipa.es\\\/ca\\\/tots-descomptes-casal-destiu-2025-com-funcionen-i-com-aprofitar-los\\\/\"]}]},{\"@type\":\"ImageObject\",\"inLanguage\":\"ca\",\"@id\":\"https:\\\/\\\/avipa.es\\\/ca\\\/tots-descomptes-casal-destiu-2025-com-funcionen-i-com-aprofitar-los\\\/#primaryimage\",\"url\":\"https:\\\/\\\/avipa.es\\\/wp-content\\\/uploads\\\/2025\\\/02\\\/DESCOMPTES.png\",\"contentUrl\":\"https:\\\/\\\/avipa.es\\\/wp-content\\\/uploads\\\/2025\\\/02\\\/DESCOMPTES.png\",\"width\":1080,\"height\":1350,\"caption\":\"DESCUENTOS CASAL DE VERANO EN BARCELONA\"},{\"@type\":\"BreadcrumbList\",\"@id\":\"https:\\\/\\\/avipa.es\\\/ca\\\/tots-descomptes-casal-destiu-2025-com-funcionen-i-com-aprofitar-los\\\/#breadcrumb\",\"itemListElement\":[{\"@type\":\"ListItem\",\"position\":1,\"name\":\"Portada\",\"item\":\"https:\\\/\\\/avipa.es\\\/ca\\\/\"},{\"@type\":\"ListItem\",\"position\":2,\"name\":\"Descomptes del Casal d\u2019Estiu 2025\"}]},{\"@type\":\"WebSite\",\"@id\":\"https:\\\/\\\/avipa.es\\\/ca\\\/#website\",\"url\":\"https:\\\/\\\/avipa.es\\\/ca\\\/\",\"name\":\"AVIPA\",\"description\":\"Actividades extraescolares para ni\u00f1os\",\"potentialAction\":[{\"@type\":\"SearchAction\",\"target\":{\"@type\":\"EntryPoint\",\"urlTemplate\":\"https:\\\/\\\/avipa.es\\\/ca\\\/?s={search_term_string}\"},\"query-input\":{\"@type\":\"PropertyValueSpecification\",\"valueRequired\":true,\"valueName\":\"search_term_string\"}}],\"inLanguage\":\"ca\"},{\"@type\":\"Person\",\"@id\":\"https:\\\/\\\/avipa.es\\\/ca\\\/#\\\/schema\\\/person\\\/ab29728ff0c31e22101bbda14a518e64\",\"name\":\"concepcionistas@avipa.es\",\"image\":{\"@type\":\"ImageObject\",\"inLanguage\":\"ca\",\"@id\":\"https:\\\/\\\/secure.gravatar.com\\\/avatar\\\/56fe679a65aa3b0be8bf49ae29db0a9fb99725ef97344f2e7952fc862256c5ba?s=96&d=mm&r=g\",\"url\":\"https:\\\/\\\/secure.gravatar.com\\\/avatar\\\/56fe679a65aa3b0be8bf49ae29db0a9fb99725ef97344f2e7952fc862256c5ba?s=96&d=mm&r=g\",\"contentUrl\":\"https:\\\/\\\/secure.gravatar.com\\\/avatar\\\/56fe679a65aa3b0be8bf49ae29db0a9fb99725ef97344f2e7952fc862256c5ba?s=96&d=mm&r=g\",\"caption\":\"concepcionistas@avipa.es\"},\"url\":\"https:\\\/\\\/avipa.es\\\/ca\\\/author\\\/concepcionistasavipa-es\\\/\"}]}<\/script>\n<!-- \/ Yoast SEO plugin. -->","yoast_head_json":{"title":"Descomptes del Casal d\u2019Estiu 2025 - AVIPA","description":"Descobreix tots els descomptes del Casal d\u2019Estiu 2025: com funcionen i com aprofitar-los. Inscriu-te al millor Casal d'Estiu de Barcelona.","robots":{"index":"index","follow":"follow","max-snippet":"max-snippet:-1","max-image-preview":"max-image-preview:large","max-video-preview":"max-video-preview:-1"},"canonical":"https:\/\/avipa.es\/ca\/tots-descomptes-casal-destiu-2025-com-funcionen-i-com-aprofitar-los\/","og_locale":"ca_ES","og_type":"article","og_title":"Descomptes del Casal d\u2019Estiu 2025 - AVIPA","og_description":"Descobreix tots els descomptes del Casal d\u2019Estiu 2025: com funcionen i com aprofitar-los. Inscriu-te al millor Casal d'Estiu de Barcelona.","og_url":"https:\/\/avipa.es\/ca\/tots-descomptes-casal-destiu-2025-com-funcionen-i-com-aprofitar-los\/","og_site_name":"AVIPA","article_published_time":"2025-02-11T18:23:38+00:00","article_modified_time":"2025-02-18T09:04:16+00:00","og_image":[{"width":1080,"height":1350,"url":"https:\/\/avipa.es\/wp-content\/uploads\/2025\/02\/DESCOMPTES.png","type":"image\/png"}],"author":"concepcionistas@avipa.es","twitter_card":"summary_large_image","twitter_misc":{"Escrit per":"concepcionistas@avipa.es","Temps estimat de lectura":"4 minuts"},"schema":{"@context":"https:\/\/schema.org","@graph":[{"@type":"Article","@id":"https:\/\/avipa.es\/ca\/tots-descomptes-casal-destiu-2025-com-funcionen-i-com-aprofitar-los\/#article","isPartOf":{"@id":"https:\/\/avipa.es\/ca\/tots-descomptes-casal-destiu-2025-com-funcionen-i-com-aprofitar-los\/"},"author":{"name":"concepcionistas@avipa.es","@id":"https:\/\/avipa.es\/ca\/#\/schema\/person\/ab29728ff0c31e22101bbda14a518e64"},"headline":"Descomptes del Casal d\u2019Estiu 2025","datePublished":"2025-02-11T18:23:38+00:00","dateModified":"2025-02-18T09:04:16+00:00","mainEntityOfPage":{"@id":"https:\/\/avipa.es\/ca\/tots-descomptes-casal-destiu-2025-com-funcionen-i-com-aprofitar-los\/"},"wordCount":619,"image":{"@id":"https:\/\/avipa.es\/ca\/tots-descomptes-casal-destiu-2025-com-funcionen-i-com-aprofitar-los\/#primaryimage"},"thumbnailUrl":"https:\/\/avipa.es\/wp-content\/uploads\/2025\/02\/DESCOMPTES.png","articleSection":["Uncategorized @ca"],"inLanguage":"ca"},{"@type":"WebPage","@id":"https:\/\/avipa.es\/ca\/tots-descomptes-casal-destiu-2025-com-funcionen-i-com-aprofitar-los\/","url":"https:\/\/avipa.es\/ca\/tots-descomptes-casal-destiu-2025-com-funcionen-i-com-aprofitar-los\/","name":"Descomptes del Casal d\u2019Estiu 2025 - AVIPA","isPartOf":{"@id":"https:\/\/avipa.es\/ca\/#website"},"primaryImageOfPage":{"@id":"https:\/\/avipa.es\/ca\/tots-descomptes-casal-destiu-2025-com-funcionen-i-com-aprofitar-los\/#primaryimage"},"image":{"@id":"https:\/\/avipa.es\/ca\/tots-descomptes-casal-destiu-2025-com-funcionen-i-com-aprofitar-los\/#primaryimage"},"thumbnailUrl":"https:\/\/avipa.es\/wp-content\/uploads\/2025\/02\/DESCOMPTES.png","datePublished":"2025-02-11T18:23:38+00:00","dateModified":"2025-02-18T09:04:16+00:00","author":{"@id":"https:\/\/avipa.es\/ca\/#\/schema\/person\/ab29728ff0c31e22101bbda14a518e64"},"description":"Descobreix tots els descomptes del Casal d\u2019Estiu 2025: com funcionen i com aprofitar-los. Inscriu-te al millor Casal d'Estiu de Barcelona.","breadcrumb":{"@id":"https:\/\/avipa.es\/ca\/tots-descomptes-casal-destiu-2025-com-funcionen-i-com-aprofitar-los\/#breadcrumb"},"inLanguage":"ca","potentialAction":[{"@type":"ReadAction","target":["https:\/\/avipa.es\/ca\/tots-descomptes-casal-destiu-2025-com-funcionen-i-com-aprofitar-los\/"]}]},{"@type":"ImageObject","inLanguage":"ca","@id":"https:\/\/avipa.es\/ca\/tots-descomptes-casal-destiu-2025-com-funcionen-i-com-aprofitar-los\/#primaryimage","url":"https:\/\/avipa.es\/wp-content\/uploads\/2025\/02\/DESCOMPTES.png","contentUrl":"https:\/\/avipa.es\/wp-content\/uploads\/2025\/02\/DESCOMPTES.png","width":1080,"height":1350,"caption":"DESCUENTOS CASAL DE VERANO EN BARCELONA"},{"@type":"BreadcrumbList","@id":"https:\/\/avipa.es\/ca\/tots-descomptes-casal-destiu-2025-com-funcionen-i-com-aprofitar-los\/#breadcrumb","itemListElement":[{"@type":"ListItem","position":1,"name":"Portada","item":"https:\/\/avipa.es\/ca\/"},{"@type":"ListItem","position":2,"name":"Descomptes del Casal d\u2019Estiu 2025"}]},{"@type":"WebSite","@id":"https:\/\/avipa.es\/ca\/#website","url":"https:\/\/avipa.es\/ca\/","name":"AVIPA","description":"Actividades extraescolares para ni\u00f1os","potentialAction":[{"@type":"SearchAction","target":{"@type":"EntryPoint","urlTemplate":"https:\/\/avipa.es\/ca\/?s={search_term_string}"},"query-input":{"@type":"PropertyValueSpecification","valueRequired":true,"valueName":"search_term_string"}}],"inLanguage":"ca"},{"@type":"Person","@id":"https:\/\/avipa.es\/ca\/#\/schema\/person\/ab29728ff0c31e22101bbda14a518e64","name":"concepcionistas@avipa.es","image":{"@type":"ImageObject","inLanguage":"ca","@id":"https:\/\/secure.gravatar.com\/avatar\/56fe679a65aa3b0be8bf49ae29db0a9fb99725ef97344f2e7952fc862256c5ba?s=96&d=mm&r=g","url":"https:\/\/secure.gravatar.com\/avatar\/56fe679a65aa3b0be8bf49ae29db0a9fb99725ef97344f2e7952fc862256c5ba?s=96&d=mm&r=g","contentUrl":"https:\/\/secure.gravatar.com\/avatar\/56fe679a65aa3b0be8bf49ae29db0a9fb99725ef97344f2e7952fc862256c5ba?s=96&d=mm&r=g","caption":"concepcionistas@avipa.es"},"url":"https:\/\/avipa.es\/ca\/author\/concepcionistasavipa-es\/"}]}},"meta_box":[],"_links":{"self":[{"href":"https:\/\/avipa.es\/ca\/wp-json\/wp\/v2\/posts\/3435","targetHints":{"allow":["GET"]}}],"collection":[{"href":"https:\/\/avipa.es\/ca\/wp-json\/wp\/v2\/posts"}],"about":[{"href":"https:\/\/avipa.es\/ca\/wp-json\/wp\/v2\/types\/post"}],"author":[{"embeddable":true,"href":"https:\/\/avipa.es\/ca\/wp-json\/wp\/v2\/users\/10"}],"replies":[{"embeddable":true,"href":"https:\/\/avipa.es\/ca\/wp-json\/wp\/v2\/comments?post=3435"}],"version-history":[{"count":2,"href":"https:\/\/avipa.es\/ca\/wp-json\/wp\/v2\/posts\/3435\/revisions"}],"predecessor-version":[{"id":3457,"href":"https:\/\/avipa.es\/ca\/wp-json\/wp\/v2\/posts\/3435\/revisions\/3457"}],"wp:featuredmedia":[{"embeddable":true,"href":"https:\/\/avipa.es\/ca\/wp-json\/wp\/v2\/media\/3443"}],"wp:attachment":[{"href":"https:\/\/avipa.es\/ca\/wp-json\/wp\/v2\/media?parent=3435"}],"wp:term":[{"taxonomy":"category","embeddable":true,"href":"https:\/\/avipa.es\/ca\/wp-json\/wp\/v2\/categories?post=3435"},{"taxonomy":"post_tag","embeddable":true,"href":"https:\/\/avipa.es\/ca\/wp-json\/wp\/v2\/tags?post=3435"}],"curies":[{"name":"wp","href":"https:\/\/api.w.org\/{rel}","templated":true}]}}