{"id":3475,"date":"2025-03-24T13:31:47","date_gmt":"2025-03-24T12:31:47","guid":{"rendered":"https:\/\/avipa.es\/?p=3475"},"modified":"2025-03-24T13:46:34","modified_gmt":"2025-03-24T12:46:34","slug":"casal-d-estiu-2025","status":"publish","type":"post","link":"https:\/\/avipa.es\/ca\/casal-d-estiu-2025\/","title":{"rendered":"Casal d\u2019Estiu 2025: Aprofita el 5% de Descompte Fins a l\u201911 d\u2019Abril"},"content":{"rendered":"\n<h3 class=\"wp-block-heading\"><strong>Casal d\u2019Estiu 2025: La m\u00e0gia de l\u2019estiu continua amb un 5% de descompte!<\/strong><\/h3>\n\n\n\n<p>L\u2019estiu est\u00e0 a punt d\u2019arribar, i amb ell, una oportunitat \u00fanica perqu\u00e8 els m\u00e9s petits gaudeixin d\u2019activitats plenes d\u2019emocions, aprenentatge i aventures. Al <strong>Casal d\u2019Estiu 2025 de l\u2019Escola Concepcionistes<\/strong>, estem preparats per oferir-vos un estiu ple de moments inoblidables en un entorn segur i enriquidor.<\/p>\n\n\n\n<p>Sabem que no totes les fam\u00edlies han tingut temps de formalitzar la inscripci\u00f3 dins del per\u00edode de descompte del 10%, que va finalitzar ahir. Per\u00f2 no us preocupeu! Seguim pensant en vosaltres i hem llan\u00e7at un <strong>nou descompte del 5%<\/strong> per a totes les inscripcions fetes fins al pr\u00f2xim <strong>11 d\u2019abril<\/strong>.<\/p>\n\n\n\n<h3 class=\"wp-block-heading\"><strong>Motivaci\u00f3 i novetats per a aquest estiu<\/strong><\/h3>\n\n\n\n<p>Al <strong>Casal d\u2019Estiu 2025<\/strong>, no nom\u00e9s oferim diversi\u00f3, sin\u00f3 que proposem un entorn on els nens i nenes poden cr\u00e9ixer, aprendre i gaudir d\u2019activitats que fomenten valors com el treball en equip, la creativitat i la connexi\u00f3 amb la natura:<\/p>\n\n\n\n<ul class=\"wp-block-list\">\n<li><strong>Esports i olimp\u00edades:<\/strong> Una manera perfecta de desenvolupar habilitats f\u00edsiques i socials.<\/li>\n\n\n\n<li><strong>Piscina, platja i aventures:<\/strong> Dies emocionants amb activitats aqu\u00e0tiques que deixaran records inesborrables.<\/li>\n\n\n\n<li><strong>Nit d\u2019estels:<\/strong> Dijous m\u00e0gics en qu\u00e8 dormim a l\u2019escola i gaudim d\u2019activitats nocturnes pensades per despertar la curiositat.<\/li>\n\n\n\n<li><strong>Sortides culturals i l\u00fadiques:<\/strong> Una nova experi\u00e8ncia cada dia per descobrir el m\u00f3n i divertir-se.<\/li>\n<\/ul>\n\n\n\n<p>El nostre <strong>equip de monitors i monitores qualificats<\/strong> est\u00e0 preparat per garantir que cada nen i nena es senti cuidat, segur i incl\u00f2s en totes les activitats.<\/p>\n\n\n\n<figure class=\"wp-block-image size-large\"><img loading=\"lazy\" decoding=\"async\" width=\"1024\" height=\"768\" src=\"https:\/\/avipa.es\/wp-content\/uploads\/2024\/10\/CASAL_ESTIU_EXCURSIO_BIBLIOTECA_JAUME_FUSTER_NENS_NENES_DIVERSIO_DIJOUS-edited-1-1024x768.jpg\" alt=\"Casal d\u2019Estiu 2025\" class=\"wp-image-3234\" srcset=\"https:\/\/avipa.es\/wp-content\/uploads\/2024\/10\/CASAL_ESTIU_EXCURSIO_BIBLIOTECA_JAUME_FUSTER_NENS_NENES_DIVERSIO_DIJOUS-edited-1-1024x768.jpg 1024w, https:\/\/avipa.es\/wp-content\/uploads\/2024\/10\/CASAL_ESTIU_EXCURSIO_BIBLIOTECA_JAUME_FUSTER_NENS_NENES_DIVERSIO_DIJOUS-edited-1-300x225.jpg 300w, https:\/\/avipa.es\/wp-content\/uploads\/2024\/10\/CASAL_ESTIU_EXCURSIO_BIBLIOTECA_JAUME_FUSTER_NENS_NENES_DIVERSIO_DIJOUS-edited-1-768x576.jpg 768w, https:\/\/avipa.es\/wp-content\/uploads\/2024\/10\/CASAL_ESTIU_EXCURSIO_BIBLIOTECA_JAUME_FUSTER_NENS_NENES_DIVERSIO_DIJOUS-edited-1-480x360.jpg 480w, https:\/\/avipa.es\/wp-content\/uploads\/2024\/10\/CASAL_ESTIU_EXCURSIO_BIBLIOTECA_JAUME_FUSTER_NENS_NENES_DIVERSIO_DIJOUS-edited-1-640x480.jpg 640w, https:\/\/avipa.es\/wp-content\/uploads\/2024\/10\/CASAL_ESTIU_EXCURSIO_BIBLIOTECA_JAUME_FUSTER_NENS_NENES_DIVERSIO_DIJOUS-edited-1-720x540.jpg 720w, https:\/\/avipa.es\/wp-content\/uploads\/2024\/10\/CASAL_ESTIU_EXCURSIO_BIBLIOTECA_JAUME_FUSTER_NENS_NENES_DIVERSIO_DIJOUS-edited-1-960x720.jpg 960w, https:\/\/avipa.es\/wp-content\/uploads\/2024\/10\/CASAL_ESTIU_EXCURSIO_BIBLIOTECA_JAUME_FUSTER_NENS_NENES_DIVERSIO_DIJOUS-edited-1-1168x876.jpg 1168w, https:\/\/avipa.es\/wp-content\/uploads\/2024\/10\/CASAL_ESTIU_EXCURSIO_BIBLIOTECA_JAUME_FUSTER_NENS_NENES_DIVERSIO_DIJOUS-edited-1-1440x1080.jpg 1440w, https:\/\/avipa.es\/wp-content\/uploads\/2024\/10\/CASAL_ESTIU_EXCURSIO_BIBLIOTECA_JAUME_FUSTER_NENS_NENES_DIVERSIO_DIJOUS-edited-1-1920x1440.jpg 1920w, https:\/\/avipa.es\/wp-content\/uploads\/2024\/10\/CASAL_ESTIU_EXCURSIO_BIBLIOTECA_JAUME_FUSTER_NENS_NENES_DIVERSIO_DIJOUS-edited-1-1536x1152.jpg 1536w, https:\/\/avipa.es\/wp-content\/uploads\/2024\/10\/CASAL_ESTIU_EXCURSIO_BIBLIOTECA_JAUME_FUSTER_NENS_NENES_DIVERSIO_DIJOUS-edited-1-2048x1536.jpg 2048w, https:\/\/avipa.es\/wp-content\/uploads\/2024\/10\/CASAL_ESTIU_EXCURSIO_BIBLIOTECA_JAUME_FUSTER_NENS_NENES_DIVERSIO_DIJOUS-edited-1-600x450.jpg 600w\" sizes=\"auto, (max-width: 1024px) 100vw, 1024px\" \/><\/figure>\n\n\n\n<h3 class=\"wp-block-heading\"><strong>Aprofita el descompte del 5%!<\/strong><\/h3>\n\n\n\n<p>No deixeu passar aquesta oportunitat per assegurar-vos un lloc al <strong>Casal d\u2019Estiu 2025<\/strong>. Aquest <strong>5% de descompte<\/strong> est\u00e0 disponible per a:<\/p>\n\n\n\n<ol class=\"wp-block-list\">\n<li><strong>Noves inscripcions:<\/strong> Si encara no heu formalitzat la participaci\u00f3, aquest \u00e9s el vostre moment!<\/li>\n\n\n\n<li><strong>Ampliacions de setmanes:<\/strong> Per a aquelles fam\u00edlies que ja han fet la inscripci\u00f3 i desitgen afegir m\u00e9s setmanes per fer que l\u2019experi\u00e8ncia sigui encara m\u00e9s completa.<\/li>\n<\/ol>\n\n\n\n<p>Per ampliar setmanes, nom\u00e9s cal contactar-nos per correu electr\u00f2nic a <strong>casalestiu@iconcepcionistas.es<\/strong> i seguirem el proc\u00e9s per formalitzar el pagament.<\/p>\n\n\n\n<h3 class=\"wp-block-heading\"><strong>Dates clau<\/strong><\/h3>\n\n\n\n<p>\ud83d\udcc5 <strong>Del 25 de juny al 25 de juliol<\/strong><br>\ud83d\udccd <strong>Escola Concepcionistes de Barcelona (Pla\u00e7a Lesseps)<\/strong><\/p>\n\n\n\n<h3 class=\"wp-block-heading\"><strong>Per qu\u00e8 escollir el Casal d\u2019Estiu 2025?<\/strong><\/h3>\n\n\n\n<p>Sabem que voleu el millor per als vostres fills i filles, i per aix\u00f2 treballem cada any per crear un casal que combini <strong>diversi\u00f3, aprenentatge<\/strong> i <strong>benestar<\/strong>. No \u00e9s nom\u00e9s un espai d\u2019esbarjo, sin\u00f3 una experi\u00e8ncia transformadora que deixar\u00e0 records inesborrables en els m\u00e9s petits.<\/p>\n\n\n\n<p>\ud83d\udd17 <strong>Descobriu tot el que oferim i formalitzeu la inscripci\u00f3:<\/strong><br><mark style=\"background-color:rgba(0, 0, 0, 0)\" class=\"has-inline-color has-luminous-vivid-orange-color\">\ud83d\udccc <a href=\"https:\/\/avipa.es\/ca\/producte\/casal-destiu-2\/\">Detalls del Casal d\u2019Estiu 2025<\/a><br>\ud83d\udccc <a href=\"https:\/\/avipa.es\/ca\/instruccions-de-la-inscripcio\/\">Com inscriure&#8217;s pas a pas<\/a><br>\ud83d\udccc <a href=\"https:\/\/avipa.es\/ca\/tots-descomptes-casal-destiu-2025-com-funcionen-i-com-aprofitar-los\/\">Funcionament dels descomptes<\/a><br>\ud83d\udccc <a href=\"https:\/\/forms.gle\/i3hUZBWzYBYjywM86\">Formulari d\u2019inscripci\u00f3<\/a><\/mark><\/p>\n\n\n\n<h3 class=\"wp-block-heading\"><strong>No ho deixeu per a l\u2019\u00faltim moment!<\/strong><\/h3>\n\n\n\n<p>El temps corre, i les places s\u00f3n limitades. Formalitzeu la inscripci\u00f3 abans de l\u2019<strong>11 d\u2019abril<\/strong> per gaudir d\u2019aquest <strong>5% de descompte<\/strong> especial i garantir que els vostres fills i filles visquin un estiu ple d\u2019aventures i somriures.<\/p>\n\n\n\n<p>Per qualsevol dubte, estem a la vostra disposici\u00f3 al correu <strong>casalestiu@iconcepcionistas.es<\/strong>. Us hi esperem amb moltes ganes! \ud83c\udf1f<\/p>\n\n\n\n<p><\/p>\n","protected":false},"excerpt":{"rendered":"<p>Casal d\u2019Estiu 2025: La m\u00e0gia de l\u2019estiu continua amb un 5% de descompte! L\u2019estiu est\u00e0 a punt d\u2019arribar, i amb ell, una oportunitat \u00fanica perqu\u00e8 els m\u00e9s petits gaudeixin d\u2019activitats plenes d\u2019emocions, aprenentatge i aventures. Al Casal d\u2019Estiu 2025 de l\u2019Escola Concepcionistes, estem preparats per oferir-vos un estiu ple de moments inoblidables en un entorn [&hellip;]<\/p>\n","protected":false},"author":10,"featured_media":3346,"comment_status":"closed","ping_status":"closed","sticky":false,"template":"","format":"standard","meta":{"footnotes":""},"categories":[186],"tags":[292,290,187,121,120,188,212,173,133,131,215,204,259,296],"class_list":["post-3475","post","type-post","status-publish","format-standard","has-post-thumbnail","hentry","category-casal-destiu","tag-activitats-extraescolars-ca","tag-barcelona-ca","tag-casal","tag-diversio","tag-escola","tag-estiu","tag-gracia-3","tag-lesseps","tag-nenes","tag-nens","tag-nit","tag-piscina","tag-platja","tag-sant-gervasi-2"],"yoast_head":"<!-- This site is optimized with the Yoast SEO plugin v27.4 - https:\/\/yoast.com\/product\/yoast-seo-wordpress\/ -->\n<title>Casal d\u2019Estiu 2025: Aprofita el 5% de Descompte Fins a l\u201911 d\u2019Abril - AVIPA<\/title>\n<meta name=\"description\" content=\"Inscriu-te al Casal d&#039;estiu 2025 abans de l&#039;11 d&#039;abril i gaudeix d&#039;un 5% de descompte! Apunta&#039;t ara i garanteix diversi\u00f3 i aventura.\" \/>\n<meta name=\"robots\" content=\"index, follow, max-snippet:-1, max-image-preview:large, max-video-preview:-1\" \/>\n<link rel=\"canonical\" href=\"https:\/\/avipa.es\/ca\/casal-d-estiu-2025\/\" \/>\n<meta property=\"og:locale\" content=\"ca_ES\" \/>\n<meta property=\"og:type\" content=\"article\" \/>\n<meta property=\"og:title\" content=\"Casal d\u2019Estiu 2025: Aprofita el 5% de Descompte Fins a l\u201911 d\u2019Abril - AVIPA\" \/>\n<meta property=\"og:description\" content=\"Inscriu-te al Casal d&#039;estiu 2025 abans de l&#039;11 d&#039;abril i gaudeix d&#039;un 5% de descompte! Apunta&#039;t ara i garanteix diversi\u00f3 i aventura.\" \/>\n<meta property=\"og:url\" content=\"https:\/\/avipa.es\/ca\/casal-d-estiu-2025\/\" \/>\n<meta property=\"og:site_name\" content=\"AVIPA\" \/>\n<meta property=\"article:published_time\" content=\"2025-03-24T12:31:47+00:00\" \/>\n<meta property=\"article:modified_time\" content=\"2025-03-24T12:46:34+00:00\" \/>\n<meta property=\"og:image\" content=\"https:\/\/avipa.es\/wp-content\/uploads\/2024\/10\/CASAL_ESTIU_CELEBRACIO_PARC_AVIPA_DIVERSIO_NENS_NENES-scaled.jpg\" \/>\n\t<meta property=\"og:image:width\" content=\"1920\" \/>\n\t<meta property=\"og:image:height\" content=\"2560\" \/>\n\t<meta property=\"og:image:type\" content=\"image\/jpeg\" \/>\n<meta name=\"author\" content=\"concepcionistas@avipa.es\" \/>\n<meta name=\"twitter:card\" content=\"summary_large_image\" \/>\n<meta name=\"twitter:label1\" content=\"Escrit per\" \/>\n\t<meta name=\"twitter:data1\" content=\"concepcionistas@avipa.es\" \/>\n\t<meta name=\"twitter:label2\" content=\"Temps estimat de lectura\" \/>\n\t<meta name=\"twitter:data2\" content=\"3 minuts\" \/>\n<script type=\"application\/ld+json\" class=\"yoast-schema-graph\">{\"@context\":\"https:\\\/\\\/schema.org\",\"@graph\":[{\"@type\":\"Article\",\"@id\":\"https:\\\/\\\/avipa.es\\\/ca\\\/casal-d-estiu-2025\\\/#article\",\"isPartOf\":{\"@id\":\"https:\\\/\\\/avipa.es\\\/ca\\\/casal-d-estiu-2025\\\/\"},\"author\":{\"name\":\"concepcionistas@avipa.es\",\"@id\":\"https:\\\/\\\/avipa.es\\\/ca\\\/#\\\/schema\\\/person\\\/ab29728ff0c31e22101bbda14a518e64\"},\"headline\":\"Casal d\u2019Estiu 2025: Aprofita el 5% de Descompte Fins a l\u201911 d\u2019Abril\",\"datePublished\":\"2025-03-24T12:31:47+00:00\",\"dateModified\":\"2025-03-24T12:46:34+00:00\",\"mainEntityOfPage\":{\"@id\":\"https:\\\/\\\/avipa.es\\\/ca\\\/casal-d-estiu-2025\\\/\"},\"wordCount\":532,\"image\":{\"@id\":\"https:\\\/\\\/avipa.es\\\/ca\\\/casal-d-estiu-2025\\\/#primaryimage\"},\"thumbnailUrl\":\"https:\\\/\\\/avipa.es\\\/wp-content\\\/uploads\\\/2024\\\/10\\\/CASAL_ESTIU_CELEBRACIO_PARC_AVIPA_DIVERSIO_NENS_NENES-scaled.jpg\",\"keywords\":[\"Activitats Extraescolars\",\"Barcelona\",\"casal\",\"diversi\u00f3\",\"escola\",\"estiu\",\"gracia\",\"lesseps\",\"nenes\",\"nens\",\"nit\",\"Piscina\",\"platja\",\"Sant Gervasi\"],\"articleSection\":[\"Casal d'Estiu\"],\"inLanguage\":\"ca\"},{\"@type\":\"WebPage\",\"@id\":\"https:\\\/\\\/avipa.es\\\/ca\\\/casal-d-estiu-2025\\\/\",\"url\":\"https:\\\/\\\/avipa.es\\\/ca\\\/casal-d-estiu-2025\\\/\",\"name\":\"Casal d\u2019Estiu 2025: Aprofita el 5% de Descompte Fins a l\u201911 d\u2019Abril - AVIPA\",\"isPartOf\":{\"@id\":\"https:\\\/\\\/avipa.es\\\/ca\\\/#website\"},\"primaryImageOfPage\":{\"@id\":\"https:\\\/\\\/avipa.es\\\/ca\\\/casal-d-estiu-2025\\\/#primaryimage\"},\"image\":{\"@id\":\"https:\\\/\\\/avipa.es\\\/ca\\\/casal-d-estiu-2025\\\/#primaryimage\"},\"thumbnailUrl\":\"https:\\\/\\\/avipa.es\\\/wp-content\\\/uploads\\\/2024\\\/10\\\/CASAL_ESTIU_CELEBRACIO_PARC_AVIPA_DIVERSIO_NENS_NENES-scaled.jpg\",\"datePublished\":\"2025-03-24T12:31:47+00:00\",\"dateModified\":\"2025-03-24T12:46:34+00:00\",\"author\":{\"@id\":\"https:\\\/\\\/avipa.es\\\/ca\\\/#\\\/schema\\\/person\\\/ab29728ff0c31e22101bbda14a518e64\"},\"description\":\"Inscriu-te al Casal d'estiu 2025 abans de l'11 d'abril i gaudeix d'un 5% de descompte! Apunta't ara i garanteix diversi\u00f3 i aventura.\",\"breadcrumb\":{\"@id\":\"https:\\\/\\\/avipa.es\\\/ca\\\/casal-d-estiu-2025\\\/#breadcrumb\"},\"inLanguage\":\"ca\",\"potentialAction\":[{\"@type\":\"ReadAction\",\"target\":[\"https:\\\/\\\/avipa.es\\\/ca\\\/casal-d-estiu-2025\\\/\"]}]},{\"@type\":\"ImageObject\",\"inLanguage\":\"ca\",\"@id\":\"https:\\\/\\\/avipa.es\\\/ca\\\/casal-d-estiu-2025\\\/#primaryimage\",\"url\":\"https:\\\/\\\/avipa.es\\\/wp-content\\\/uploads\\\/2024\\\/10\\\/CASAL_ESTIU_CELEBRACIO_PARC_AVIPA_DIVERSIO_NENS_NENES-scaled.jpg\",\"contentUrl\":\"https:\\\/\\\/avipa.es\\\/wp-content\\\/uploads\\\/2024\\\/10\\\/CASAL_ESTIU_CELEBRACIO_PARC_AVIPA_DIVERSIO_NENS_NENES-scaled.jpg\",\"width\":1920,\"height\":2560},{\"@type\":\"BreadcrumbList\",\"@id\":\"https:\\\/\\\/avipa.es\\\/ca\\\/casal-d-estiu-2025\\\/#breadcrumb\",\"itemListElement\":[{\"@type\":\"ListItem\",\"position\":1,\"name\":\"Portada\",\"item\":\"https:\\\/\\\/avipa.es\\\/ca\\\/\"},{\"@type\":\"ListItem\",\"position\":2,\"name\":\"Casal d\u2019Estiu 2025: Aprofita el 5% de Descompte Fins a l\u201911 d\u2019Abril\"}]},{\"@type\":\"WebSite\",\"@id\":\"https:\\\/\\\/avipa.es\\\/ca\\\/#website\",\"url\":\"https:\\\/\\\/avipa.es\\\/ca\\\/\",\"name\":\"AVIPA\",\"description\":\"Actividades extraescolares para ni\u00f1os\",\"potentialAction\":[{\"@type\":\"SearchAction\",\"target\":{\"@type\":\"EntryPoint\",\"urlTemplate\":\"https:\\\/\\\/avipa.es\\\/ca\\\/?s={search_term_string}\"},\"query-input\":{\"@type\":\"PropertyValueSpecification\",\"valueRequired\":true,\"valueName\":\"search_term_string\"}}],\"inLanguage\":\"ca\"},{\"@type\":\"Person\",\"@id\":\"https:\\\/\\\/avipa.es\\\/ca\\\/#\\\/schema\\\/person\\\/ab29728ff0c31e22101bbda14a518e64\",\"name\":\"concepcionistas@avipa.es\",\"image\":{\"@type\":\"ImageObject\",\"inLanguage\":\"ca\",\"@id\":\"https:\\\/\\\/secure.gravatar.com\\\/avatar\\\/56fe679a65aa3b0be8bf49ae29db0a9fb99725ef97344f2e7952fc862256c5ba?s=96&d=mm&r=g\",\"url\":\"https:\\\/\\\/secure.gravatar.com\\\/avatar\\\/56fe679a65aa3b0be8bf49ae29db0a9fb99725ef97344f2e7952fc862256c5ba?s=96&d=mm&r=g\",\"contentUrl\":\"https:\\\/\\\/secure.gravatar.com\\\/avatar\\\/56fe679a65aa3b0be8bf49ae29db0a9fb99725ef97344f2e7952fc862256c5ba?s=96&d=mm&r=g\",\"caption\":\"concepcionistas@avipa.es\"},\"url\":\"https:\\\/\\\/avipa.es\\\/ca\\\/author\\\/concepcionistasavipa-es\\\/\"}]}<\/script>\n<!-- \/ Yoast SEO plugin. -->","yoast_head_json":{"title":"Casal d\u2019Estiu 2025: Aprofita el 5% de Descompte Fins a l\u201911 d\u2019Abril - AVIPA","description":"Inscriu-te al Casal d'estiu 2025 abans de l'11 d'abril i gaudeix d'un 5% de descompte! Apunta't ara i garanteix diversi\u00f3 i aventura.","robots":{"index":"index","follow":"follow","max-snippet":"max-snippet:-1","max-image-preview":"max-image-preview:large","max-video-preview":"max-video-preview:-1"},"canonical":"https:\/\/avipa.es\/ca\/casal-d-estiu-2025\/","og_locale":"ca_ES","og_type":"article","og_title":"Casal d\u2019Estiu 2025: Aprofita el 5% de Descompte Fins a l\u201911 d\u2019Abril - AVIPA","og_description":"Inscriu-te al Casal d'estiu 2025 abans de l'11 d'abril i gaudeix d'un 5% de descompte! Apunta't ara i garanteix diversi\u00f3 i aventura.","og_url":"https:\/\/avipa.es\/ca\/casal-d-estiu-2025\/","og_site_name":"AVIPA","article_published_time":"2025-03-24T12:31:47+00:00","article_modified_time":"2025-03-24T12:46:34+00:00","og_image":[{"width":1920,"height":2560,"url":"https:\/\/avipa.es\/wp-content\/uploads\/2024\/10\/CASAL_ESTIU_CELEBRACIO_PARC_AVIPA_DIVERSIO_NENS_NENES-scaled.jpg","type":"image\/jpeg"}],"author":"concepcionistas@avipa.es","twitter_card":"summary_large_image","twitter_misc":{"Escrit per":"concepcionistas@avipa.es","Temps estimat de lectura":"3 minuts"},"schema":{"@context":"https:\/\/schema.org","@graph":[{"@type":"Article","@id":"https:\/\/avipa.es\/ca\/casal-d-estiu-2025\/#article","isPartOf":{"@id":"https:\/\/avipa.es\/ca\/casal-d-estiu-2025\/"},"author":{"name":"concepcionistas@avipa.es","@id":"https:\/\/avipa.es\/ca\/#\/schema\/person\/ab29728ff0c31e22101bbda14a518e64"},"headline":"Casal d\u2019Estiu 2025: Aprofita el 5% de Descompte Fins a l\u201911 d\u2019Abril","datePublished":"2025-03-24T12:31:47+00:00","dateModified":"2025-03-24T12:46:34+00:00","mainEntityOfPage":{"@id":"https:\/\/avipa.es\/ca\/casal-d-estiu-2025\/"},"wordCount":532,"image":{"@id":"https:\/\/avipa.es\/ca\/casal-d-estiu-2025\/#primaryimage"},"thumbnailUrl":"https:\/\/avipa.es\/wp-content\/uploads\/2024\/10\/CASAL_ESTIU_CELEBRACIO_PARC_AVIPA_DIVERSIO_NENS_NENES-scaled.jpg","keywords":["Activitats Extraescolars","Barcelona","casal","diversi\u00f3","escola","estiu","gracia","lesseps","nenes","nens","nit","Piscina","platja","Sant Gervasi"],"articleSection":["Casal d'Estiu"],"inLanguage":"ca"},{"@type":"WebPage","@id":"https:\/\/avipa.es\/ca\/casal-d-estiu-2025\/","url":"https:\/\/avipa.es\/ca\/casal-d-estiu-2025\/","name":"Casal d\u2019Estiu 2025: Aprofita el 5% de Descompte Fins a l\u201911 d\u2019Abril - AVIPA","isPartOf":{"@id":"https:\/\/avipa.es\/ca\/#website"},"primaryImageOfPage":{"@id":"https:\/\/avipa.es\/ca\/casal-d-estiu-2025\/#primaryimage"},"image":{"@id":"https:\/\/avipa.es\/ca\/casal-d-estiu-2025\/#primaryimage"},"thumbnailUrl":"https:\/\/avipa.es\/wp-content\/uploads\/2024\/10\/CASAL_ESTIU_CELEBRACIO_PARC_AVIPA_DIVERSIO_NENS_NENES-scaled.jpg","datePublished":"2025-03-24T12:31:47+00:00","dateModified":"2025-03-24T12:46:34+00:00","author":{"@id":"https:\/\/avipa.es\/ca\/#\/schema\/person\/ab29728ff0c31e22101bbda14a518e64"},"description":"Inscriu-te al Casal d'estiu 2025 abans de l'11 d'abril i gaudeix d'un 5% de descompte! Apunta't ara i garanteix diversi\u00f3 i aventura.","breadcrumb":{"@id":"https:\/\/avipa.es\/ca\/casal-d-estiu-2025\/#breadcrumb"},"inLanguage":"ca","potentialAction":[{"@type":"ReadAction","target":["https:\/\/avipa.es\/ca\/casal-d-estiu-2025\/"]}]},{"@type":"ImageObject","inLanguage":"ca","@id":"https:\/\/avipa.es\/ca\/casal-d-estiu-2025\/#primaryimage","url":"https:\/\/avipa.es\/wp-content\/uploads\/2024\/10\/CASAL_ESTIU_CELEBRACIO_PARC_AVIPA_DIVERSIO_NENS_NENES-scaled.jpg","contentUrl":"https:\/\/avipa.es\/wp-content\/uploads\/2024\/10\/CASAL_ESTIU_CELEBRACIO_PARC_AVIPA_DIVERSIO_NENS_NENES-scaled.jpg","width":1920,"height":2560},{"@type":"BreadcrumbList","@id":"https:\/\/avipa.es\/ca\/casal-d-estiu-2025\/#breadcrumb","itemListElement":[{"@type":"ListItem","position":1,"name":"Portada","item":"https:\/\/avipa.es\/ca\/"},{"@type":"ListItem","position":2,"name":"Casal d\u2019Estiu 2025: Aprofita el 5% de Descompte Fins a l\u201911 d\u2019Abril"}]},{"@type":"WebSite","@id":"https:\/\/avipa.es\/ca\/#website","url":"https:\/\/avipa.es\/ca\/","name":"AVIPA","description":"Actividades extraescolares para ni\u00f1os","potentialAction":[{"@type":"SearchAction","target":{"@type":"EntryPoint","urlTemplate":"https:\/\/avipa.es\/ca\/?s={search_term_string}"},"query-input":{"@type":"PropertyValueSpecification","valueRequired":true,"valueName":"search_term_string"}}],"inLanguage":"ca"},{"@type":"Person","@id":"https:\/\/avipa.es\/ca\/#\/schema\/person\/ab29728ff0c31e22101bbda14a518e64","name":"concepcionistas@avipa.es","image":{"@type":"ImageObject","inLanguage":"ca","@id":"https:\/\/secure.gravatar.com\/avatar\/56fe679a65aa3b0be8bf49ae29db0a9fb99725ef97344f2e7952fc862256c5ba?s=96&d=mm&r=g","url":"https:\/\/secure.gravatar.com\/avatar\/56fe679a65aa3b0be8bf49ae29db0a9fb99725ef97344f2e7952fc862256c5ba?s=96&d=mm&r=g","contentUrl":"https:\/\/secure.gravatar.com\/avatar\/56fe679a65aa3b0be8bf49ae29db0a9fb99725ef97344f2e7952fc862256c5ba?s=96&d=mm&r=g","caption":"concepcionistas@avipa.es"},"url":"https:\/\/avipa.es\/ca\/author\/concepcionistasavipa-es\/"}]}},"meta_box":[],"_links":{"self":[{"href":"https:\/\/avipa.es\/ca\/wp-json\/wp\/v2\/posts\/3475","targetHints":{"allow":["GET"]}}],"collection":[{"href":"https:\/\/avipa.es\/ca\/wp-json\/wp\/v2\/posts"}],"about":[{"href":"https:\/\/avipa.es\/ca\/wp-json\/wp\/v2\/types\/post"}],"author":[{"embeddable":true,"href":"https:\/\/avipa.es\/ca\/wp-json\/wp\/v2\/users\/10"}],"replies":[{"embeddable":true,"href":"https:\/\/avipa.es\/ca\/wp-json\/wp\/v2\/comments?post=3475"}],"version-history":[{"count":2,"href":"https:\/\/avipa.es\/ca\/wp-json\/wp\/v2\/posts\/3475\/revisions"}],"predecessor-version":[{"id":3480,"href":"https:\/\/avipa.es\/ca\/wp-json\/wp\/v2\/posts\/3475\/revisions\/3480"}],"wp:featuredmedia":[{"embeddable":true,"href":"https:\/\/avipa.es\/ca\/wp-json\/wp\/v2\/media\/3346"}],"wp:attachment":[{"href":"https:\/\/avipa.es\/ca\/wp-json\/wp\/v2\/media?parent=3475"}],"wp:term":[{"taxonomy":"category","embeddable":true,"href":"https:\/\/avipa.es\/ca\/wp-json\/wp\/v2\/categories?post=3475"},{"taxonomy":"post_tag","embeddable":true,"href":"https:\/\/avipa.es\/ca\/wp-json\/wp\/v2\/tags?post=3475"}],"curies":[{"name":"wp","href":"https:\/\/api.w.org\/{rel}","templated":true}]}}