{"id":3794,"date":"2026-04-30T11:10:19","date_gmt":"2026-04-30T09:10:19","guid":{"rendered":"https:\/\/avipa.es\/?p=3794"},"modified":"2026-04-30T11:10:24","modified_gmt":"2026-04-30T09:10:24","slug":"ultims-dies-dinscripcions-al-casal-destiu-2026","status":"publish","type":"post","link":"https:\/\/avipa.es\/ca\/ultims-dies-dinscripcions-al-casal-destiu-2026\/","title":{"rendered":"\u00daltims dies d\u2019inscripcions al Casal d\u2019Estiu 2026"},"content":{"rendered":"\n<p>El per\u00edode d\u2019<strong>inscripcions al Casal d\u2019Estiu 2026<\/strong>\u00a0entra a la seva fase final i, com cada any, les \u00faltimes places s\u2019estan omplint r\u00e0pidament. Si encara no has inscrit el teu fill o filla, aquest \u00e9s el moment clau per fer-ho. \u00daltims dies d&#8217;inscripcions al casal estiu.<\/p>\n\n\n\n<p>Moltes fam\u00edlies de Gr\u00e0cia i Sant Gervasi ja han reservat la seva pla\u00e7a, i aix\u00f2 fa que la disponibilitat sigui cada vegada m\u00e9s redu\u00efda. Esperar a \u00faltima hora pot significar quedar-se fora o no poder escollir les setmanes desitjades.<\/p>\n\n\n\n<p>\ud83d\udc49 <a href=\"https:\/\/avipa.es\/ca\/preinscripcions-casal-2026\/\" type=\"link\" id=\"https:\/\/avipa.es\/ca\/preinscripcions-casal-2026\/\"><mark style=\"background-color:rgba(0, 0, 0, 0)\" class=\"has-inline-color has-luminous-vivid-orange-color\">Consulta tota la informaci\u00f3 i accedeix a la inscripci\u00f3 aqu\u00ed:<\/mark><\/a><br><\/p>\n\n\n\n<h2 class=\"wp-block-heading\">Places limitades i alta demanda<\/h2>\n\n\n\n<p>El Casal d\u2019Estiu d\u2019AVIPA \u00e9s una proposta molt consolidada i cada any rep una alta demanda. Aix\u00f2 fa que les places siguin limitades i s\u2019assignin per ordre d\u2019inscripci\u00f3.<\/p>\n\n\n\n<p>A mesura que s\u2019acosta el final del per\u00edode, \u00e9s habitual que:<\/p>\n\n\n\n<ul class=\"wp-block-list\">\n<li>Algunes setmanes s\u2019omplin completament<\/li>\n\n\n\n<li>Hi hagi menys opcions disponibles<\/li>\n\n\n\n<li>S\u2019activin llistes d\u2019espera<\/li>\n<\/ul>\n\n\n\n<p>Per aquest motiu, si tens clar que vols participar, el millor \u00e9s no esperar m\u00e9s.<\/p>\n\n\n\n<h2 class=\"wp-block-heading\">Un casal que va m\u00e9s enll\u00e0 de l\u2019estiu<\/h2>\n\n\n\n<p>El motiu pel qual tantes fam\u00edlies s\u2019afanyen a inscriure\u2019s \u00e9s clar: el casal ofereix molt m\u00e9s que una activitat d\u2019estiu.<\/p>\n\n\n\n<p>Durant les setmanes de casal, els infants participen en activitats variades com:<\/p>\n\n\n\n<ul class=\"wp-block-list\">\n<li>Piscina i activitats aqu\u00e0tiques<\/li>\n\n\n\n<li>Jocs i din\u00e0miques de grup<\/li>\n\n\n\n<li>Tallers creatius<\/li>\n\n\n\n<li>Sortides i experi\u00e8ncies fora de l\u2019escola<\/li>\n\n\n\n<li>Propostes especials com la \u201cNit d\u2019estels\u201d<\/li>\n<\/ul>\n\n\n\n<p>Tot aix\u00f2 en un entorn educatiu, segur i amb un equip de professionals qualificats.<\/p>\n\n\n\n<figure class=\"wp-block-image size-large is-resized\"><img loading=\"lazy\" decoding=\"async\" width=\"768\" height=\"1024\" src=\"https:\/\/avipa.es\/wp-content\/uploads\/2026\/04\/743ec1f2-0b19-4f40-8139-9e403ef6838b-768x1024.jpg\" alt=\"\u00faltims dies inscripcions casal estiu\" class=\"wp-image-3795\" style=\"width:308px;height:auto\" srcset=\"https:\/\/avipa.es\/wp-content\/uploads\/2026\/04\/743ec1f2-0b19-4f40-8139-9e403ef6838b-768x1024.jpg 768w, https:\/\/avipa.es\/wp-content\/uploads\/2026\/04\/743ec1f2-0b19-4f40-8139-9e403ef6838b-225x300.jpg 225w, https:\/\/avipa.es\/wp-content\/uploads\/2026\/04\/743ec1f2-0b19-4f40-8139-9e403ef6838b-480x640.jpg 480w, https:\/\/avipa.es\/wp-content\/uploads\/2026\/04\/743ec1f2-0b19-4f40-8139-9e403ef6838b-640x853.jpg 640w, https:\/\/avipa.es\/wp-content\/uploads\/2026\/04\/743ec1f2-0b19-4f40-8139-9e403ef6838b-720x960.jpg 720w, https:\/\/avipa.es\/wp-content\/uploads\/2026\/04\/743ec1f2-0b19-4f40-8139-9e403ef6838b-960x1280.jpg 960w, https:\/\/avipa.es\/wp-content\/uploads\/2026\/04\/743ec1f2-0b19-4f40-8139-9e403ef6838b-1168x1557.jpg 1168w, https:\/\/avipa.es\/wp-content\/uploads\/2026\/04\/743ec1f2-0b19-4f40-8139-9e403ef6838b-1152x1536.jpg 1152w, https:\/\/avipa.es\/wp-content\/uploads\/2026\/04\/743ec1f2-0b19-4f40-8139-9e403ef6838b-600x800.jpg 600w, https:\/\/avipa.es\/wp-content\/uploads\/2026\/04\/743ec1f2-0b19-4f40-8139-9e403ef6838b.jpg 1200w\" sizes=\"auto, (max-width: 768px) 100vw, 768px\" \/><\/figure>\n\n\n\n<h2 class=\"wp-block-heading\">Encara pots aprofitar descomptes<\/h2>\n\n\n\n<p>Tot i estar en els \u00faltims dies, encara pots beneficiar-te de diferents descomptes si completes la inscripci\u00f3 dins del termini.<\/p>\n\n\n\n<p>Hi ha descomptes per:<\/p>\n\n\n\n<ul class=\"wp-block-list\">\n<li>Nombre de setmanes<\/li>\n\n\n\n<li>Promoci\u00f3 \u201cporta un amic\u201d<\/li>\n\n\n\n<li>Combinaci\u00f3 de diferents opcions<\/li>\n<\/ul>\n\n\n\n<p>\ud83d\udc49 <mark style=\"background-color:rgba(0, 0, 0, 0)\" class=\"has-inline-color has-luminous-vivid-orange-color\">Consulta els <a href=\"https:\/\/avipa.es\/ca\/producte\/casal-destiu-2\/\" type=\"link\" id=\"https:\/\/avipa.es\/ca\/producte\/casal-destiu-2\/\">preus<\/a> i <a href=\"https:\/\/avipa.es\/ca\/descomptes-casal-destiu-2026\/\">descomptes<\/a> aqu\u00ed:<\/mark><br><\/p>\n\n\n\n<h2 class=\"wp-block-heading\">Beques disponibles (\u00faltima oportunitat)<\/h2>\n\n\n\n<p>Si est\u00e0s valorant sol\u00b7licitar una beca, \u00e9s important comprovar que has completat tots els passos dins dels terminis establerts.<\/p>\n\n\n\n<p>Les&nbsp;<strong>beques de l\u2019Ajuntament de Barcelona<\/strong>&nbsp;permeten reduir el cost del casal segons la situaci\u00f3 econ\u00f2mica de cada fam\u00edlia, i s\u00f3n una gran oportunitat per accedir a aquesta experi\u00e8ncia.<\/p>\n\n\n\n<p>\ud83d\udc49 <a href=\"https:\/\/avipa.es\/ca\/beques-de-lajuntament-per-al-casal-destiu-2026\/\" type=\"link\" id=\"https:\/\/avipa.es\/ca\/beques-de-lajuntament-per-al-casal-destiu-2026\/\"><mark style=\"background-color:rgba(0, 0, 0, 0)\" class=\"has-inline-color has-luminous-vivid-orange-color\">Consulta tota la informaci\u00f3 aqu\u00ed:<\/mark><\/a><\/p>\n\n\n\n<p>En aquests \u00faltims dies, \u00e9s clau tenir tota la documentaci\u00f3 preparada i no deixar el proc\u00e9s per m\u00e9s endavant.<\/p>\n\n\n\n<h2 class=\"wp-block-heading\">Inscripci\u00f3 r\u00e0pida i online<\/h2>\n\n\n\n<p>El proc\u00e9s d\u2019inscripci\u00f3 \u00e9s molt senzill i es fa a trav\u00e9s de la plataforma digital integrada a la web d\u2019AVIPA.<\/p>\n\n\n\n<p>En pocs minuts podr\u00e0s:<\/p>\n\n\n\n<ul class=\"wp-block-list\">\n<li>Introduir les dades<\/li>\n\n\n\n<li>Escollir setmanes<\/li>\n\n\n\n<li>Adjuntar documentaci\u00f3<\/li>\n\n\n\n<li>Fer el primer pagament<\/li>\n<\/ul>\n\n\n\n<p>\ud83d\udc49 <a href=\"https:\/\/avipa.playoffinformatica.com\/actividad\/2\/CASAL-D-ESTIU-CONCEPCIONISTES-2026\/\" type=\"link\" id=\"https:\/\/avipa.playoffinformatica.com\/actividad\/2\/CASAL-D-ESTIU-CONCEPCIONISTES-2026\/\"><mark style=\"background-color:rgba(0, 0, 0, 0)\" class=\"has-inline-color has-luminous-vivid-orange-color\">Accedeix a la inscripci\u00f3 aqu\u00ed:<\/mark><\/a><\/p>\n\n\n\n<p>Tot el proc\u00e9s es pot fer des de casa, de manera c\u00f2moda i segura.<\/p>\n\n\n\n<h2 class=\"wp-block-heading\">No esperis a \u00faltima hora<\/h2>\n\n\n\n<p>Si has arribat fins aqu\u00ed, probablement ja est\u00e0s valorant inscriure el teu fill o filla. La realitat \u00e9s que estem en els \u00faltims dies i les places s\u2019estan esgotant.<\/p>\n\n\n\n<p>Esperar pot significar:<\/p>\n\n\n\n<ul class=\"wp-block-list\">\n<li>No trobar pla\u00e7a<\/li>\n\n\n\n<li>No poder escollir setmanes<\/li>\n\n\n\n<li>Perdre descomptes disponibles<\/li>\n<\/ul>\n\n\n\n<p>\u00daltims dies inscripcions casal estiu<\/p>\n\n\n\n<p>\ud83d\udc49 <a href=\"https:\/\/avipa.playoffinformatica.com\/actividad\/2\/CASAL-D-ESTIU-CONCEPCIONISTES-2026\/\" type=\"link\" id=\"https:\/\/avipa.playoffinformatica.com\/actividad\/2\/CASAL-D-ESTIU-CONCEPCIONISTES-2026\/\"><mark style=\"background-color:rgba(0, 0, 0, 0)\" class=\"has-inline-color has-vivid-red-color\">FORMULARI INSCRIPCI\u00d3<\/mark><\/a><\/p>\n\n\n\n<p><\/p>\n","protected":false},"excerpt":{"rendered":"<p>El per\u00edode d\u2019inscripcions al Casal d\u2019Estiu 2026\u00a0entra a la seva fase final i, com cada any, les \u00faltimes places s\u2019estan omplint r\u00e0pidament. Si encara no has inscrit el teu fill o filla, aquest \u00e9s el moment clau per fer-ho. \u00daltims dies d&#8217;inscripcions al casal estiu. Moltes fam\u00edlies de Gr\u00e0cia i Sant Gervasi ja han reservat [&hellip;]<\/p>\n","protected":false},"author":10,"featured_media":3822,"comment_status":"closed","ping_status":"closed","sticky":false,"template":"","format":"standard","meta":{"footnotes":""},"categories":[88,186,87],"tags":[82,187,121,120,188,173,133,131],"class_list":["post-3794","post","type-post","status-publish","format-standard","has-post-thumbnail","hentry","category-avipa","category-casal-destiu","category-passio","tag-barcelona-2","tag-casal","tag-diversio","tag-escola","tag-estiu","tag-lesseps","tag-nenes","tag-nens"],"yoast_head":"<!-- This site is optimized with the Yoast SEO plugin v27.5 - https:\/\/yoast.com\/product\/yoast-seo-wordpress\/ -->\n<title>\u00daltims dies d\u2019inscripcions al Casal d\u2019Estiu 2026 - AVIPA<\/title>\n<meta name=\"description\" content=\"\u00daltims dies per inscriure\u2019t al Casal d\u2019Estiu 2026. Places limitades. Consulta informaci\u00f3 i reserva ara la teva pla\u00e7a online.\" \/>\n<meta name=\"robots\" content=\"index, follow, max-snippet:-1, max-image-preview:large, max-video-preview:-1\" \/>\n<link rel=\"canonical\" href=\"https:\/\/avipa.es\/ca\/ultims-dies-dinscripcions-al-casal-destiu-2026\/\" \/>\n<meta property=\"og:locale\" content=\"ca_ES\" \/>\n<meta property=\"og:type\" content=\"article\" \/>\n<meta property=\"og:title\" content=\"\u00daltims dies d\u2019inscripcions al Casal d\u2019Estiu 2026 - AVIPA\" \/>\n<meta property=\"og:description\" content=\"\u00daltims dies per inscriure\u2019t al Casal d\u2019Estiu 2026. Places limitades. Consulta informaci\u00f3 i reserva ara la teva pla\u00e7a online.\" \/>\n<meta property=\"og:url\" content=\"https:\/\/avipa.es\/ca\/ultims-dies-dinscripcions-al-casal-destiu-2026\/\" \/>\n<meta property=\"og:site_name\" content=\"AVIPA\" \/>\n<meta property=\"article:published_time\" content=\"2026-04-30T09:10:19+00:00\" \/>\n<meta property=\"article:modified_time\" content=\"2026-04-30T09:10:24+00:00\" \/>\n<meta property=\"og:image\" content=\"https:\/\/avipa.es\/wp-content\/uploads\/2026\/04\/749c6905-8b1f-440e-8198-5ea24e47f6ac.jpg\" \/>\n\t<meta property=\"og:image:width\" content=\"1200\" \/>\n\t<meta property=\"og:image:height\" content=\"1600\" \/>\n\t<meta property=\"og:image:type\" content=\"image\/jpeg\" \/>\n<meta name=\"author\" content=\"concepcionistas@avipa.es\" \/>\n<meta name=\"twitter:card\" content=\"summary_large_image\" \/>\n<meta name=\"twitter:label1\" content=\"Escrit per\" \/>\n\t<meta name=\"twitter:data1\" content=\"concepcionistas@avipa.es\" \/>\n\t<meta name=\"twitter:label2\" content=\"Temps estimat de lectura\" \/>\n\t<meta name=\"twitter:data2\" content=\"3 minuts\" \/>\n<script type=\"application\/ld+json\" class=\"yoast-schema-graph\">{\"@context\":\"https:\\\/\\\/schema.org\",\"@graph\":[{\"@type\":\"Article\",\"@id\":\"https:\\\/\\\/avipa.es\\\/ca\\\/ultims-dies-dinscripcions-al-casal-destiu-2026\\\/#article\",\"isPartOf\":{\"@id\":\"https:\\\/\\\/avipa.es\\\/ca\\\/ultims-dies-dinscripcions-al-casal-destiu-2026\\\/\"},\"author\":{\"name\":\"concepcionistas@avipa.es\",\"@id\":\"https:\\\/\\\/avipa.es\\\/ca\\\/#\\\/schema\\\/person\\\/ab29728ff0c31e22101bbda14a518e64\"},\"headline\":\"\u00daltims dies d\u2019inscripcions al Casal d\u2019Estiu 2026\",\"datePublished\":\"2026-04-30T09:10:19+00:00\",\"dateModified\":\"2026-04-30T09:10:24+00:00\",\"mainEntityOfPage\":{\"@id\":\"https:\\\/\\\/avipa.es\\\/ca\\\/ultims-dies-dinscripcions-al-casal-destiu-2026\\\/\"},\"wordCount\":537,\"image\":{\"@id\":\"https:\\\/\\\/avipa.es\\\/ca\\\/ultims-dies-dinscripcions-al-casal-destiu-2026\\\/#primaryimage\"},\"thumbnailUrl\":\"https:\\\/\\\/avipa.es\\\/wp-content\\\/uploads\\\/2026\\\/04\\\/749c6905-8b1f-440e-8198-5ea24e47f6ac.jpg\",\"keywords\":[\"barcelona\",\"casal\",\"diversi\u00f3\",\"escola\",\"estiu\",\"lesseps\",\"nenes\",\"nens\"],\"articleSection\":[\"AVIPA\",\"Casal d'Estiu\",\"passio\"],\"inLanguage\":\"ca\"},{\"@type\":\"WebPage\",\"@id\":\"https:\\\/\\\/avipa.es\\\/ca\\\/ultims-dies-dinscripcions-al-casal-destiu-2026\\\/\",\"url\":\"https:\\\/\\\/avipa.es\\\/ca\\\/ultims-dies-dinscripcions-al-casal-destiu-2026\\\/\",\"name\":\"\u00daltims dies d\u2019inscripcions al Casal d\u2019Estiu 2026 - AVIPA\",\"isPartOf\":{\"@id\":\"https:\\\/\\\/avipa.es\\\/ca\\\/#website\"},\"primaryImageOfPage\":{\"@id\":\"https:\\\/\\\/avipa.es\\\/ca\\\/ultims-dies-dinscripcions-al-casal-destiu-2026\\\/#primaryimage\"},\"image\":{\"@id\":\"https:\\\/\\\/avipa.es\\\/ca\\\/ultims-dies-dinscripcions-al-casal-destiu-2026\\\/#primaryimage\"},\"thumbnailUrl\":\"https:\\\/\\\/avipa.es\\\/wp-content\\\/uploads\\\/2026\\\/04\\\/749c6905-8b1f-440e-8198-5ea24e47f6ac.jpg\",\"datePublished\":\"2026-04-30T09:10:19+00:00\",\"dateModified\":\"2026-04-30T09:10:24+00:00\",\"author\":{\"@id\":\"https:\\\/\\\/avipa.es\\\/ca\\\/#\\\/schema\\\/person\\\/ab29728ff0c31e22101bbda14a518e64\"},\"description\":\"\u00daltims dies per inscriure\u2019t al Casal d\u2019Estiu 2026. Places limitades. Consulta informaci\u00f3 i reserva ara la teva pla\u00e7a online.\",\"breadcrumb\":{\"@id\":\"https:\\\/\\\/avipa.es\\\/ca\\\/ultims-dies-dinscripcions-al-casal-destiu-2026\\\/#breadcrumb\"},\"inLanguage\":\"ca\",\"potentialAction\":[{\"@type\":\"ReadAction\",\"target\":[\"https:\\\/\\\/avipa.es\\\/ca\\\/ultims-dies-dinscripcions-al-casal-destiu-2026\\\/\"]}]},{\"@type\":\"ImageObject\",\"inLanguage\":\"ca\",\"@id\":\"https:\\\/\\\/avipa.es\\\/ca\\\/ultims-dies-dinscripcions-al-casal-destiu-2026\\\/#primaryimage\",\"url\":\"https:\\\/\\\/avipa.es\\\/wp-content\\\/uploads\\\/2026\\\/04\\\/749c6905-8b1f-440e-8198-5ea24e47f6ac.jpg\",\"contentUrl\":\"https:\\\/\\\/avipa.es\\\/wp-content\\\/uploads\\\/2026\\\/04\\\/749c6905-8b1f-440e-8198-5ea24e47f6ac.jpg\",\"width\":1200,\"height\":1600},{\"@type\":\"BreadcrumbList\",\"@id\":\"https:\\\/\\\/avipa.es\\\/ca\\\/ultims-dies-dinscripcions-al-casal-destiu-2026\\\/#breadcrumb\",\"itemListElement\":[{\"@type\":\"ListItem\",\"position\":1,\"name\":\"Portada\",\"item\":\"https:\\\/\\\/avipa.es\\\/ca\\\/\"},{\"@type\":\"ListItem\",\"position\":2,\"name\":\"\u00daltims dies d\u2019inscripcions al Casal d\u2019Estiu 2026\"}]},{\"@type\":\"WebSite\",\"@id\":\"https:\\\/\\\/avipa.es\\\/ca\\\/#website\",\"url\":\"https:\\\/\\\/avipa.es\\\/ca\\\/\",\"name\":\"AVIPA\",\"description\":\"Actividades extraescolares para ni\u00f1os\",\"potentialAction\":[{\"@type\":\"SearchAction\",\"target\":{\"@type\":\"EntryPoint\",\"urlTemplate\":\"https:\\\/\\\/avipa.es\\\/ca\\\/?s={search_term_string}\"},\"query-input\":{\"@type\":\"PropertyValueSpecification\",\"valueRequired\":true,\"valueName\":\"search_term_string\"}}],\"inLanguage\":\"ca\"},{\"@type\":\"Person\",\"@id\":\"https:\\\/\\\/avipa.es\\\/ca\\\/#\\\/schema\\\/person\\\/ab29728ff0c31e22101bbda14a518e64\",\"name\":\"concepcionistas@avipa.es\",\"image\":{\"@type\":\"ImageObject\",\"inLanguage\":\"ca\",\"@id\":\"https:\\\/\\\/secure.gravatar.com\\\/avatar\\\/56fe679a65aa3b0be8bf49ae29db0a9fb99725ef97344f2e7952fc862256c5ba?s=96&d=mm&r=g\",\"url\":\"https:\\\/\\\/secure.gravatar.com\\\/avatar\\\/56fe679a65aa3b0be8bf49ae29db0a9fb99725ef97344f2e7952fc862256c5ba?s=96&d=mm&r=g\",\"contentUrl\":\"https:\\\/\\\/secure.gravatar.com\\\/avatar\\\/56fe679a65aa3b0be8bf49ae29db0a9fb99725ef97344f2e7952fc862256c5ba?s=96&d=mm&r=g\",\"caption\":\"concepcionistas@avipa.es\"},\"url\":\"https:\\\/\\\/avipa.es\\\/ca\\\/author\\\/concepcionistasavipa-es\\\/\"}]}<\/script>\n<!-- \/ Yoast SEO plugin. -->","yoast_head_json":{"title":"\u00daltims dies d\u2019inscripcions al Casal d\u2019Estiu 2026 - AVIPA","description":"\u00daltims dies per inscriure\u2019t al Casal d\u2019Estiu 2026. Places limitades. Consulta informaci\u00f3 i reserva ara la teva pla\u00e7a online.","robots":{"index":"index","follow":"follow","max-snippet":"max-snippet:-1","max-image-preview":"max-image-preview:large","max-video-preview":"max-video-preview:-1"},"canonical":"https:\/\/avipa.es\/ca\/ultims-dies-dinscripcions-al-casal-destiu-2026\/","og_locale":"ca_ES","og_type":"article","og_title":"\u00daltims dies d\u2019inscripcions al Casal d\u2019Estiu 2026 - AVIPA","og_description":"\u00daltims dies per inscriure\u2019t al Casal d\u2019Estiu 2026. Places limitades. Consulta informaci\u00f3 i reserva ara la teva pla\u00e7a online.","og_url":"https:\/\/avipa.es\/ca\/ultims-dies-dinscripcions-al-casal-destiu-2026\/","og_site_name":"AVIPA","article_published_time":"2026-04-30T09:10:19+00:00","article_modified_time":"2026-04-30T09:10:24+00:00","og_image":[{"width":1200,"height":1600,"url":"https:\/\/avipa.es\/wp-content\/uploads\/2026\/04\/749c6905-8b1f-440e-8198-5ea24e47f6ac.jpg","type":"image\/jpeg"}],"author":"concepcionistas@avipa.es","twitter_card":"summary_large_image","twitter_misc":{"Escrit per":"concepcionistas@avipa.es","Temps estimat de lectura":"3 minuts"},"schema":{"@context":"https:\/\/schema.org","@graph":[{"@type":"Article","@id":"https:\/\/avipa.es\/ca\/ultims-dies-dinscripcions-al-casal-destiu-2026\/#article","isPartOf":{"@id":"https:\/\/avipa.es\/ca\/ultims-dies-dinscripcions-al-casal-destiu-2026\/"},"author":{"name":"concepcionistas@avipa.es","@id":"https:\/\/avipa.es\/ca\/#\/schema\/person\/ab29728ff0c31e22101bbda14a518e64"},"headline":"\u00daltims dies d\u2019inscripcions al Casal d\u2019Estiu 2026","datePublished":"2026-04-30T09:10:19+00:00","dateModified":"2026-04-30T09:10:24+00:00","mainEntityOfPage":{"@id":"https:\/\/avipa.es\/ca\/ultims-dies-dinscripcions-al-casal-destiu-2026\/"},"wordCount":537,"image":{"@id":"https:\/\/avipa.es\/ca\/ultims-dies-dinscripcions-al-casal-destiu-2026\/#primaryimage"},"thumbnailUrl":"https:\/\/avipa.es\/wp-content\/uploads\/2026\/04\/749c6905-8b1f-440e-8198-5ea24e47f6ac.jpg","keywords":["barcelona","casal","diversi\u00f3","escola","estiu","lesseps","nenes","nens"],"articleSection":["AVIPA","Casal d'Estiu","passio"],"inLanguage":"ca"},{"@type":"WebPage","@id":"https:\/\/avipa.es\/ca\/ultims-dies-dinscripcions-al-casal-destiu-2026\/","url":"https:\/\/avipa.es\/ca\/ultims-dies-dinscripcions-al-casal-destiu-2026\/","name":"\u00daltims dies d\u2019inscripcions al Casal d\u2019Estiu 2026 - AVIPA","isPartOf":{"@id":"https:\/\/avipa.es\/ca\/#website"},"primaryImageOfPage":{"@id":"https:\/\/avipa.es\/ca\/ultims-dies-dinscripcions-al-casal-destiu-2026\/#primaryimage"},"image":{"@id":"https:\/\/avipa.es\/ca\/ultims-dies-dinscripcions-al-casal-destiu-2026\/#primaryimage"},"thumbnailUrl":"https:\/\/avipa.es\/wp-content\/uploads\/2026\/04\/749c6905-8b1f-440e-8198-5ea24e47f6ac.jpg","datePublished":"2026-04-30T09:10:19+00:00","dateModified":"2026-04-30T09:10:24+00:00","author":{"@id":"https:\/\/avipa.es\/ca\/#\/schema\/person\/ab29728ff0c31e22101bbda14a518e64"},"description":"\u00daltims dies per inscriure\u2019t al Casal d\u2019Estiu 2026. Places limitades. Consulta informaci\u00f3 i reserva ara la teva pla\u00e7a online.","breadcrumb":{"@id":"https:\/\/avipa.es\/ca\/ultims-dies-dinscripcions-al-casal-destiu-2026\/#breadcrumb"},"inLanguage":"ca","potentialAction":[{"@type":"ReadAction","target":["https:\/\/avipa.es\/ca\/ultims-dies-dinscripcions-al-casal-destiu-2026\/"]}]},{"@type":"ImageObject","inLanguage":"ca","@id":"https:\/\/avipa.es\/ca\/ultims-dies-dinscripcions-al-casal-destiu-2026\/#primaryimage","url":"https:\/\/avipa.es\/wp-content\/uploads\/2026\/04\/749c6905-8b1f-440e-8198-5ea24e47f6ac.jpg","contentUrl":"https:\/\/avipa.es\/wp-content\/uploads\/2026\/04\/749c6905-8b1f-440e-8198-5ea24e47f6ac.jpg","width":1200,"height":1600},{"@type":"BreadcrumbList","@id":"https:\/\/avipa.es\/ca\/ultims-dies-dinscripcions-al-casal-destiu-2026\/#breadcrumb","itemListElement":[{"@type":"ListItem","position":1,"name":"Portada","item":"https:\/\/avipa.es\/ca\/"},{"@type":"ListItem","position":2,"name":"\u00daltims dies d\u2019inscripcions al Casal d\u2019Estiu 2026"}]},{"@type":"WebSite","@id":"https:\/\/avipa.es\/ca\/#website","url":"https:\/\/avipa.es\/ca\/","name":"AVIPA","description":"Actividades extraescolares para ni\u00f1os","potentialAction":[{"@type":"SearchAction","target":{"@type":"EntryPoint","urlTemplate":"https:\/\/avipa.es\/ca\/?s={search_term_string}"},"query-input":{"@type":"PropertyValueSpecification","valueRequired":true,"valueName":"search_term_string"}}],"inLanguage":"ca"},{"@type":"Person","@id":"https:\/\/avipa.es\/ca\/#\/schema\/person\/ab29728ff0c31e22101bbda14a518e64","name":"concepcionistas@avipa.es","image":{"@type":"ImageObject","inLanguage":"ca","@id":"https:\/\/secure.gravatar.com\/avatar\/56fe679a65aa3b0be8bf49ae29db0a9fb99725ef97344f2e7952fc862256c5ba?s=96&d=mm&r=g","url":"https:\/\/secure.gravatar.com\/avatar\/56fe679a65aa3b0be8bf49ae29db0a9fb99725ef97344f2e7952fc862256c5ba?s=96&d=mm&r=g","contentUrl":"https:\/\/secure.gravatar.com\/avatar\/56fe679a65aa3b0be8bf49ae29db0a9fb99725ef97344f2e7952fc862256c5ba?s=96&d=mm&r=g","caption":"concepcionistas@avipa.es"},"url":"https:\/\/avipa.es\/ca\/author\/concepcionistasavipa-es\/"}]}},"meta_box":[],"_links":{"self":[{"href":"https:\/\/avipa.es\/ca\/wp-json\/wp\/v2\/posts\/3794","targetHints":{"allow":["GET"]}}],"collection":[{"href":"https:\/\/avipa.es\/ca\/wp-json\/wp\/v2\/posts"}],"about":[{"href":"https:\/\/avipa.es\/ca\/wp-json\/wp\/v2\/types\/post"}],"author":[{"embeddable":true,"href":"https:\/\/avipa.es\/ca\/wp-json\/wp\/v2\/users\/10"}],"replies":[{"embeddable":true,"href":"https:\/\/avipa.es\/ca\/wp-json\/wp\/v2\/comments?post=3794"}],"version-history":[{"count":2,"href":"https:\/\/avipa.es\/ca\/wp-json\/wp\/v2\/posts\/3794\/revisions"}],"predecessor-version":[{"id":3824,"href":"https:\/\/avipa.es\/ca\/wp-json\/wp\/v2\/posts\/3794\/revisions\/3824"}],"wp:featuredmedia":[{"embeddable":true,"href":"https:\/\/avipa.es\/ca\/wp-json\/wp\/v2\/media\/3822"}],"wp:attachment":[{"href":"https:\/\/avipa.es\/ca\/wp-json\/wp\/v2\/media?parent=3794"}],"wp:term":[{"taxonomy":"category","embeddable":true,"href":"https:\/\/avipa.es\/ca\/wp-json\/wp\/v2\/categories?post=3794"},{"taxonomy":"post_tag","embeddable":true,"href":"https:\/\/avipa.es\/ca\/wp-json\/wp\/v2\/tags?post=3794"}],"curies":[{"name":"wp","href":"https:\/\/api.w.org\/{rel}","templated":true}]}}